{"id":16962,"date":"2017-04-05T12:45:47","date_gmt":"2017-04-05T15:45:47","guid":{"rendered":"https:\/\/eldiariodesanpedro.com.ar\/sitio\/?p=16962"},"modified":"2017-04-05T12:45:47","modified_gmt":"2017-04-05T15:45:47","slug":"se-secuestraron-210-kilos-de-embutidos-sin-cadena-de-frio","status":"publish","type":"post","link":"https:\/\/eldiariodesanpedro.com.ar\/sitio\/se-secuestraron-210-kilos-de-embutidos-sin-cadena-de-frio\/","title":{"rendered":"Se secuestraron 210 kilos de embutidos sin cadena de frio"},"content":{"rendered":"<p><!-- VideographyWP Plugin Message: Automatic video embedding prevented by plugin options. --><br \/>\nEn la ma\u00f1ana de este mi\u00e9rcoles Gendarmer\u00eda Nacional que realizaba un operativo en la ruta Nacional 9, secuestr\u00f3 5 paquetes con 210 kilogramos de embutidos que ven\u00edan en una encomienda en un transporte de publico proveniente de desde la ciudad de Clorinda provincia de Formosa con destino la ciudad de La Plata.<\/p>\n<p>Se supone que esta mercader\u00eda seria para comercializaci\u00f3n, poniendo en riesgo a los consumidores teniendo en cuenta que los embutidos que tendrian mas de 16 horas de viaje sin mantener la cadena de fr\u00edo.<\/p>\n<p>Una vez pesados son llevados por bromatolog\u00eda al corral\u00f3n municipal donde ser\u00e1n destruidos con el control de los efectivos de gendarmer\u00eda.<\/p>\n<div class=\"fb-video\" data-allowfullscreen=\"true\" data-href=\"https:\/\/www.facebook.com\/eldiario.desanpedro\/videos\/596750500534093\/\" style=\"background-color: #fff; display: inline-block;\"><\/div>\n","protected":false},"excerpt":{"rendered":"<p>En la ma\u00f1ana de este mi\u00e9rcoles Gendarmer\u00eda Nacional que realizaba un operativo en la ruta Nacional 9, secuestr\u00f3 5 paquetes con 210 kilogramos de embutidos que ven\u00edan en una encomienda en un transporte de publico proveniente de desde la ciudad de Clorinda provincia de Formosa con destino la ciudad de La Plata. Se supone que [&hellip;]<\/p>\n","protected":false},"author":4,"featured_media":16968,"comment_status":"open","ping_status":"closed","sticky":false,"template":"","format":"standard","meta":{"om_disable_all_campaigns":false,"_jetpack_memberships_contains_paid_content":false,"footnotes":""},"categories":[50,2,103],"tags":[],"class_list":["post-16962","post","type-post","status-publish","format-standard","has-post-thumbnail","hentry","category-destacadas","category-locales","category-policiales-locales"],"aioseo_notices":[],"gutentor_comment":0,"jetpack_featured_media_url":"https:\/\/eldiariodesanpedro.com.ar\/sitio\/wp-content\/uploads\/2017\/04\/embutidos-1-e1491407055900.jpg","jetpack_shortlink":"https:\/\/wp.me\/p6RhLt-4pA","jetpack_sharing_enabled":true,"_links":{"self":[{"href":"https:\/\/eldiariodesanpedro.com.ar\/sitio\/wp-json\/wp\/v2\/posts\/16962","targetHints":{"allow":["GET"]}}],"collection":[{"href":"https:\/\/eldiariodesanpedro.com.ar\/sitio\/wp-json\/wp\/v2\/posts"}],"about":[{"href":"https:\/\/eldiariodesanpedro.com.ar\/sitio\/wp-json\/wp\/v2\/types\/post"}],"author":[{"embeddable":true,"href":"https:\/\/eldiariodesanpedro.com.ar\/sitio\/wp-json\/wp\/v2\/users\/4"}],"replies":[{"embeddable":true,"href":"https:\/\/eldiariodesanpedro.com.ar\/sitio\/wp-json\/wp\/v2\/comments?post=16962"}],"version-history":[{"count":3,"href":"https:\/\/eldiariodesanpedro.com.ar\/sitio\/wp-json\/wp\/v2\/posts\/16962\/revisions"}],"predecessor-version":[{"id":16965,"href":"https:\/\/eldiariodesanpedro.com.ar\/sitio\/wp-json\/wp\/v2\/posts\/16962\/revisions\/16965"}],"wp:featuredmedia":[{"embeddable":true,"href":"https:\/\/eldiariodesanpedro.com.ar\/sitio\/wp-json\/wp\/v2\/media\/16968"}],"wp:attachment":[{"href":"https:\/\/eldiariodesanpedro.com.ar\/sitio\/wp-json\/wp\/v2\/media?parent=16962"}],"wp:term":[{"taxonomy":"category","embeddable":true,"href":"https:\/\/eldiariodesanpedro.com.ar\/sitio\/wp-json\/wp\/v2\/categories?post=16962"},{"taxonomy":"post_tag","embeddable":true,"href":"https:\/\/eldiariodesanpedro.com.ar\/sitio\/wp-json\/wp\/v2\/tags?post=16962"}],"curies":[{"name":"wp","href":"https:\/\/api.w.org\/{rel}","templated":true}]}}