{"id":16957,"date":"2017-04-05T09:37:24","date_gmt":"2017-04-05T12:37:24","guid":{"rendered":"https:\/\/eldiariodesanpedro.com.ar\/sitio\/?p=16957"},"modified":"2017-04-05T09:37:24","modified_gmt":"2017-04-05T12:37:24","slug":"obras-que-cambiaran-la-vida-a-los-vecinos-del-barrio-futuro","status":"publish","type":"post","link":"https:\/\/eldiariodesanpedro.com.ar\/sitio\/obras-que-cambiaran-la-vida-a-los-vecinos-del-barrio-futuro\/","title":{"rendered":"Obras que cambiar\u00e1n la vida a los vecinos del Barrio Futuro"},"content":{"rendered":"<p><!-- VideographyWP Plugin Message: Automatic video embedding prevented by plugin options. --><br \/>\nJunto al Secretario de Vivienda y H\u00e1bitat de la Naci\u00f3n Domingo Amaya firmamos un importante convenio que sin dudas marcar\u00e1 un antes y un despu\u00e9s en el Barrio Futuro, un sector muy olvidado durante los \u00faltimos a\u00f1os.<\/p>\n<p>Se mejorar\u00e1  la red de agua potable con conexiones domiciliarias al ca\u00f1o madre; otra de desag\u00fces cloacales y una tercera de pluviales, lo que garantizaran los servicios b\u00e1sicos para toda persona.<\/p>\n<p>El convenio contempla adem\u00e1s un nuevo tendido el\u00e9ctrico y el alumbrado p\u00fablico que permitir\u00e1 a los vecinos acceder a los espacios verdes, como la plaza central y la cancha de f\u00fatbol que tambi\u00e9n son parte de este proyecto.<\/p>\n<p>Tambi\u00e9n se realizar\u00e1 el cord\u00f3n cuneta y mejorado de la red vial en todo el barrio, cubriendo as\u00ed la necesidad del libre acceso en d\u00edas de lluvia a la zona.<\/p>\n","protected":false},"excerpt":{"rendered":"<p>Junto al Secretario de Vivienda y H\u00e1bitat de la Naci\u00f3n Domingo Amaya firmamos un importante convenio que sin dudas marcar\u00e1 un antes y un despu\u00e9s en el Barrio Futuro, un sector muy olvidado durante los \u00faltimos a\u00f1os. Se mejorar\u00e1 la red de agua potable con conexiones domiciliarias al ca\u00f1o madre; otra de desag\u00fces cloacales y [&hellip;]<\/p>\n","protected":false},"author":4,"featured_media":16958,"comment_status":"open","ping_status":"closed","sticky":false,"template":"","format":"standard","meta":{"om_disable_all_campaigns":false,"_jetpack_memberships_contains_paid_content":false,"footnotes":""},"categories":[50,2,102],"tags":[],"class_list":["post-16957","post","type-post","status-publish","format-standard","has-post-thumbnail","hentry","category-destacadas","category-locales","category-politica-locales"],"aioseo_notices":[],"gutentor_comment":0,"jetpack_featured_media_url":"https:\/\/eldiariodesanpedro.com.ar\/sitio\/wp-content\/uploads\/2017\/04\/Vecinos-del-Barrio-Futuro.jpg","jetpack_shortlink":"https:\/\/wp.me\/p6RhLt-4pv","jetpack_sharing_enabled":true,"_links":{"self":[{"href":"https:\/\/eldiariodesanpedro.com.ar\/sitio\/wp-json\/wp\/v2\/posts\/16957","targetHints":{"allow":["GET"]}}],"collection":[{"href":"https:\/\/eldiariodesanpedro.com.ar\/sitio\/wp-json\/wp\/v2\/posts"}],"about":[{"href":"https:\/\/eldiariodesanpedro.com.ar\/sitio\/wp-json\/wp\/v2\/types\/post"}],"author":[{"embeddable":true,"href":"https:\/\/eldiariodesanpedro.com.ar\/sitio\/wp-json\/wp\/v2\/users\/4"}],"replies":[{"embeddable":true,"href":"https:\/\/eldiariodesanpedro.com.ar\/sitio\/wp-json\/wp\/v2\/comments?post=16957"}],"version-history":[{"count":1,"href":"https:\/\/eldiariodesanpedro.com.ar\/sitio\/wp-json\/wp\/v2\/posts\/16957\/revisions"}],"predecessor-version":[{"id":16959,"href":"https:\/\/eldiariodesanpedro.com.ar\/sitio\/wp-json\/wp\/v2\/posts\/16957\/revisions\/16959"}],"wp:featuredmedia":[{"embeddable":true,"href":"https:\/\/eldiariodesanpedro.com.ar\/sitio\/wp-json\/wp\/v2\/media\/16958"}],"wp:attachment":[{"href":"https:\/\/eldiariodesanpedro.com.ar\/sitio\/wp-json\/wp\/v2\/media?parent=16957"}],"wp:term":[{"taxonomy":"category","embeddable":true,"href":"https:\/\/eldiariodesanpedro.com.ar\/sitio\/wp-json\/wp\/v2\/categories?post=16957"},{"taxonomy":"post_tag","embeddable":true,"href":"https:\/\/eldiariodesanpedro.com.ar\/sitio\/wp-json\/wp\/v2\/tags?post=16957"}],"curies":[{"name":"wp","href":"https:\/\/api.w.org\/{rel}","templated":true}]}}