{"id":16955,"date":"2017-04-05T08:31:35","date_gmt":"2017-04-05T11:31:35","guid":{"rendered":"https:\/\/eldiariodesanpedro.com.ar\/sitio\/?p=16955"},"modified":"2017-04-05T08:31:35","modified_gmt":"2017-04-05T11:31:35","slug":"vecinos-redujeron-a-un-ladron","status":"publish","type":"post","link":"https:\/\/eldiariodesanpedro.com.ar\/sitio\/vecinos-redujeron-a-un-ladron\/","title":{"rendered":"Vecinos redujeron a un ladr\u00f3n"},"content":{"rendered":"<p><!-- VideographyWP Plugin Message: Automatic video embedding prevented by plugin options. --><br \/>\nAyer en horas de la tarde se la polic\u00eda de nuestra ciudad se present\u00f3 en calle Salta Y Garret donde los vecinos del lugar retenian a un delincuente que minutos ante hab\u00eda robado una bicicleta que se encontraba estacionada fuera de un bar de copas ubicado en calle Berruti al 130. <\/p>\n<p>Los oficiales lo aprendieron y lo trasladaron hasta la comisar\u00eda donde permanece alojado. <\/p>\n","protected":false},"excerpt":{"rendered":"<p>Ayer en horas de la tarde se la polic\u00eda de nuestra ciudad se present\u00f3 en calle Salta Y Garret donde los vecinos del lugar retenian a un delincuente que minutos ante hab\u00eda robado una bicicleta que se encontraba estacionada fuera de un bar de copas ubicado en calle Berruti al 130. Los oficiales lo aprendieron [&hellip;]<\/p>\n","protected":false},"author":4,"featured_media":13370,"comment_status":"open","ping_status":"closed","sticky":false,"template":"","format":"standard","meta":{"om_disable_all_campaigns":false,"_jetpack_memberships_contains_paid_content":false,"footnotes":""},"categories":[2,103],"tags":[],"class_list":["post-16955","post","type-post","status-publish","format-standard","has-post-thumbnail","hentry","category-locales","category-policiales-locales"],"aioseo_notices":[],"gutentor_comment":0,"jetpack_featured_media_url":"https:\/\/eldiariodesanpedro.com.ar\/sitio\/wp-content\/uploads\/2017\/01\/Patrulla-2-e1485286083962.jpg","jetpack_shortlink":"https:\/\/wp.me\/p6RhLt-4pt","jetpack_sharing_enabled":true,"_links":{"self":[{"href":"https:\/\/eldiariodesanpedro.com.ar\/sitio\/wp-json\/wp\/v2\/posts\/16955","targetHints":{"allow":["GET"]}}],"collection":[{"href":"https:\/\/eldiariodesanpedro.com.ar\/sitio\/wp-json\/wp\/v2\/posts"}],"about":[{"href":"https:\/\/eldiariodesanpedro.com.ar\/sitio\/wp-json\/wp\/v2\/types\/post"}],"author":[{"embeddable":true,"href":"https:\/\/eldiariodesanpedro.com.ar\/sitio\/wp-json\/wp\/v2\/users\/4"}],"replies":[{"embeddable":true,"href":"https:\/\/eldiariodesanpedro.com.ar\/sitio\/wp-json\/wp\/v2\/comments?post=16955"}],"version-history":[{"count":1,"href":"https:\/\/eldiariodesanpedro.com.ar\/sitio\/wp-json\/wp\/v2\/posts\/16955\/revisions"}],"predecessor-version":[{"id":16956,"href":"https:\/\/eldiariodesanpedro.com.ar\/sitio\/wp-json\/wp\/v2\/posts\/16955\/revisions\/16956"}],"wp:featuredmedia":[{"embeddable":true,"href":"https:\/\/eldiariodesanpedro.com.ar\/sitio\/wp-json\/wp\/v2\/media\/13370"}],"wp:attachment":[{"href":"https:\/\/eldiariodesanpedro.com.ar\/sitio\/wp-json\/wp\/v2\/media?parent=16955"}],"wp:term":[{"taxonomy":"category","embeddable":true,"href":"https:\/\/eldiariodesanpedro.com.ar\/sitio\/wp-json\/wp\/v2\/categories?post=16955"},{"taxonomy":"post_tag","embeddable":true,"href":"https:\/\/eldiariodesanpedro.com.ar\/sitio\/wp-json\/wp\/v2\/tags?post=16955"}],"curies":[{"name":"wp","href":"https:\/\/api.w.org\/{rel}","templated":true}]}}