{"id":16952,"date":"2017-04-05T08:22:49","date_gmt":"2017-04-05T11:22:49","guid":{"rendered":"https:\/\/eldiariodesanpedro.com.ar\/sitio\/?p=16952"},"modified":"2017-04-05T08:22:49","modified_gmt":"2017-04-05T11:22:49","slug":"detienen-a-un-hombre-con-pedido-de-captura","status":"publish","type":"post","link":"https:\/\/eldiariodesanpedro.com.ar\/sitio\/detienen-a-un-hombre-con-pedido-de-captura\/","title":{"rendered":"Detienen a un hombre con pedido de captura"},"content":{"rendered":"<p><!-- VideographyWP Plugin Message: Automatic video embedding prevented by plugin options. --><br \/>\nPersonal policial intercept\u00f3 en el d\u00eda de ayer a un hombre en la intersecci\u00f3n de las calle Belgrano y Martin Fierro con el fin de identificar e informar sus datos a la radio estaci\u00f3n de San Nicol\u00e1s para comprobar sus antecedente. <\/p>\n<p>Se pudo constatar que este ciudadano presentaba pedido de captura activo desde el d\u00eda 11 de agosto de 2016 en el marco de una causa con disposici\u00f3n del Juzgado de San Nicol\u00e1s. <\/p>\n<p>Por estos motivo fue trasladado a la comisar\u00eda local donde permanece alojado hasta ser trasladado hasta la sede judicial. <\/p>\n","protected":false},"excerpt":{"rendered":"<p>Personal policial intercept\u00f3 en el d\u00eda de ayer a un hombre en la intersecci\u00f3n de las calle Belgrano y Martin Fierro con el fin de identificar e informar sus datos a la radio estaci\u00f3n de San Nicol\u00e1s para comprobar sus antecedente. Se pudo constatar que este ciudadano presentaba pedido de captura activo desde el d\u00eda [&hellip;]<\/p>\n","protected":false},"author":4,"featured_media":4713,"comment_status":"open","ping_status":"closed","sticky":false,"template":"","format":"standard","meta":{"om_disable_all_campaigns":false,"_jetpack_memberships_contains_paid_content":false,"footnotes":""},"categories":[2,103],"tags":[],"class_list":["post-16952","post","type-post","status-publish","format-standard","has-post-thumbnail","hentry","category-locales","category-policiales-locales"],"aioseo_notices":[],"gutentor_comment":0,"jetpack_featured_media_url":"https:\/\/eldiariodesanpedro.com.ar\/sitio\/wp-content\/uploads\/2016\/05\/detenido.jpg","jetpack_shortlink":"https:\/\/wp.me\/p6RhLt-4pq","jetpack_sharing_enabled":true,"_links":{"self":[{"href":"https:\/\/eldiariodesanpedro.com.ar\/sitio\/wp-json\/wp\/v2\/posts\/16952","targetHints":{"allow":["GET"]}}],"collection":[{"href":"https:\/\/eldiariodesanpedro.com.ar\/sitio\/wp-json\/wp\/v2\/posts"}],"about":[{"href":"https:\/\/eldiariodesanpedro.com.ar\/sitio\/wp-json\/wp\/v2\/types\/post"}],"author":[{"embeddable":true,"href":"https:\/\/eldiariodesanpedro.com.ar\/sitio\/wp-json\/wp\/v2\/users\/4"}],"replies":[{"embeddable":true,"href":"https:\/\/eldiariodesanpedro.com.ar\/sitio\/wp-json\/wp\/v2\/comments?post=16952"}],"version-history":[{"count":2,"href":"https:\/\/eldiariodesanpedro.com.ar\/sitio\/wp-json\/wp\/v2\/posts\/16952\/revisions"}],"predecessor-version":[{"id":16954,"href":"https:\/\/eldiariodesanpedro.com.ar\/sitio\/wp-json\/wp\/v2\/posts\/16952\/revisions\/16954"}],"wp:featuredmedia":[{"embeddable":true,"href":"https:\/\/eldiariodesanpedro.com.ar\/sitio\/wp-json\/wp\/v2\/media\/4713"}],"wp:attachment":[{"href":"https:\/\/eldiariodesanpedro.com.ar\/sitio\/wp-json\/wp\/v2\/media?parent=16952"}],"wp:term":[{"taxonomy":"category","embeddable":true,"href":"https:\/\/eldiariodesanpedro.com.ar\/sitio\/wp-json\/wp\/v2\/categories?post=16952"},{"taxonomy":"post_tag","embeddable":true,"href":"https:\/\/eldiariodesanpedro.com.ar\/sitio\/wp-json\/wp\/v2\/tags?post=16952"}],"curies":[{"name":"wp","href":"https:\/\/api.w.org\/{rel}","templated":true}]}}