{"id":16950,"date":"2017-04-05T08:11:57","date_gmt":"2017-04-05T11:11:57","guid":{"rendered":"https:\/\/eldiariodesanpedro.com.ar\/sitio\/?p=16950"},"modified":"2017-04-05T08:11:57","modified_gmt":"2017-04-05T11:11:57","slug":"denuncian-usurpacion-de-un-domicilio-en-calle-libertad","status":"publish","type":"post","link":"https:\/\/eldiariodesanpedro.com.ar\/sitio\/denuncian-usurpacion-de-un-domicilio-en-calle-libertad\/","title":{"rendered":"Denuncian usurpaci\u00f3n de un domicilio en calle Libertad"},"content":{"rendered":"<p><!-- VideographyWP Plugin Message: Automatic video embedding prevented by plugin options. --><br \/>\nEn el d\u00eda de ayer se recibi\u00f3 en la comisar\u00eda de nuestra ciudad una denuncia por una mujer que se present\u00f3 junto a sus hermanos advirtiendo que en el domicilio donde viv\u00eda su prima que falleci\u00f3 hace poco, en Libertad al 200 estar\u00edan viviendo personas que usurparon la propiedad. <\/p>\n<p>Los familiares de la mujer fallecida aseguran ser lo \u00fanicos herederos y al acercarse hasta la casa fueron atendidos por una mujer que refiere ser la nueva propietaria, por su parte esta personas asumen ni haber realizado ningun tipo de transacci\u00f3n de compra venta del inmueble con esta mujer. <\/p>\n<p>Se labraron actuaciones necesarias y tomo intervenci\u00f3n la UFI N\u00b0 5<\/p>\n","protected":false},"excerpt":{"rendered":"<p>En el d\u00eda de ayer se recibi\u00f3 en la comisar\u00eda de nuestra ciudad una denuncia por una mujer que se present\u00f3 junto a sus hermanos advirtiendo que en el domicilio donde viv\u00eda su prima que falleci\u00f3 hace poco, en Libertad al 200 estar\u00edan viviendo personas que usurparon la propiedad. Los familiares de la mujer fallecida [&hellip;]<\/p>\n","protected":false},"author":4,"featured_media":5635,"comment_status":"open","ping_status":"closed","sticky":false,"template":"","format":"standard","meta":{"om_disable_all_campaigns":false,"_jetpack_memberships_contains_paid_content":false,"footnotes":""},"categories":[2,103],"tags":[],"class_list":["post-16950","post","type-post","status-publish","format-standard","has-post-thumbnail","hentry","category-locales","category-policiales-locales"],"aioseo_notices":[],"gutentor_comment":0,"jetpack_featured_media_url":"https:\/\/eldiariodesanpedro.com.ar\/sitio\/wp-content\/uploads\/2016\/06\/comisaria-sanpedro.jpg","jetpack_shortlink":"https:\/\/wp.me\/p6RhLt-4po","jetpack_sharing_enabled":true,"_links":{"self":[{"href":"https:\/\/eldiariodesanpedro.com.ar\/sitio\/wp-json\/wp\/v2\/posts\/16950","targetHints":{"allow":["GET"]}}],"collection":[{"href":"https:\/\/eldiariodesanpedro.com.ar\/sitio\/wp-json\/wp\/v2\/posts"}],"about":[{"href":"https:\/\/eldiariodesanpedro.com.ar\/sitio\/wp-json\/wp\/v2\/types\/post"}],"author":[{"embeddable":true,"href":"https:\/\/eldiariodesanpedro.com.ar\/sitio\/wp-json\/wp\/v2\/users\/4"}],"replies":[{"embeddable":true,"href":"https:\/\/eldiariodesanpedro.com.ar\/sitio\/wp-json\/wp\/v2\/comments?post=16950"}],"version-history":[{"count":1,"href":"https:\/\/eldiariodesanpedro.com.ar\/sitio\/wp-json\/wp\/v2\/posts\/16950\/revisions"}],"predecessor-version":[{"id":16951,"href":"https:\/\/eldiariodesanpedro.com.ar\/sitio\/wp-json\/wp\/v2\/posts\/16950\/revisions\/16951"}],"wp:featuredmedia":[{"embeddable":true,"href":"https:\/\/eldiariodesanpedro.com.ar\/sitio\/wp-json\/wp\/v2\/media\/5635"}],"wp:attachment":[{"href":"https:\/\/eldiariodesanpedro.com.ar\/sitio\/wp-json\/wp\/v2\/media?parent=16950"}],"wp:term":[{"taxonomy":"category","embeddable":true,"href":"https:\/\/eldiariodesanpedro.com.ar\/sitio\/wp-json\/wp\/v2\/categories?post=16950"},{"taxonomy":"post_tag","embeddable":true,"href":"https:\/\/eldiariodesanpedro.com.ar\/sitio\/wp-json\/wp\/v2\/tags?post=16950"}],"curies":[{"name":"wp","href":"https:\/\/api.w.org\/{rel}","templated":true}]}}