{"id":16948,"date":"2017-04-05T07:54:00","date_gmt":"2017-04-05T10:54:00","guid":{"rendered":"https:\/\/eldiariodesanpedro.com.ar\/sitio\/?p=16948"},"modified":"2017-04-05T07:54:00","modified_gmt":"2017-04-05T10:54:00","slug":"policia-local-detiene-a-una-persona-por-resistencia-a-la-autoridad","status":"publish","type":"post","link":"https:\/\/eldiariodesanpedro.com.ar\/sitio\/policia-local-detiene-a-una-persona-por-resistencia-a-la-autoridad\/","title":{"rendered":"Polic\u00eda local detiene a una persona por resistencia a la autoridad"},"content":{"rendered":"<p><!-- VideographyWP Plugin Message: Automatic video embedding prevented by plugin options. --><br \/>\n  En el d\u00eda de ayer en horas de la tarde personal policial en conjunto con Polic\u00eda local procedieron a la aprehensi\u00f3n de un hombre mayor de edad quien  al momento de ser detenido para ser identificado en la zona de calle Mitre y las v\u00edas est\u00e1 persona se torna agresivo atacando verbalmente y amenaz\u00e1ndolo a la personal femenina de la polic\u00eda local. <\/p>\n<p>Al realizarle el cacheo se le pudo secuestrar entre sus prendas cigarrillos armados con una sustancia similar a la de marihuana. <\/p>\n<p>Este ciudadano fue trasladado a la dependencia siendo liberado horas m\u00e1s tarde. <\/p>\n","protected":false},"excerpt":{"rendered":"<p>En el d\u00eda de ayer en horas de la tarde personal policial en conjunto con Polic\u00eda local procedieron a la aprehensi\u00f3n de un hombre mayor de edad quien al momento de ser detenido para ser identificado en la zona de calle Mitre y las v\u00edas est\u00e1 persona se torna agresivo atacando verbalmente y amenaz\u00e1ndolo a [&hellip;]<\/p>\n","protected":false},"author":4,"featured_media":12804,"comment_status":"open","ping_status":"closed","sticky":false,"template":"","format":"standard","meta":{"om_disable_all_campaigns":false,"_jetpack_memberships_contains_paid_content":false,"footnotes":""},"categories":[2,103],"tags":[],"class_list":["post-16948","post","type-post","status-publish","format-standard","has-post-thumbnail","hentry","category-locales","category-policiales-locales"],"aioseo_notices":[],"gutentor_comment":0,"jetpack_featured_media_url":"https:\/\/eldiariodesanpedro.com.ar\/sitio\/wp-content\/uploads\/2017\/01\/La-Polic\u00eda-Local-realiza-patrullajes-en-la-zona-c\u00e9ntrica-y-la-de-la-ribera.jpg","jetpack_shortlink":"https:\/\/wp.me\/p6RhLt-4pm","jetpack_sharing_enabled":true,"_links":{"self":[{"href":"https:\/\/eldiariodesanpedro.com.ar\/sitio\/wp-json\/wp\/v2\/posts\/16948","targetHints":{"allow":["GET"]}}],"collection":[{"href":"https:\/\/eldiariodesanpedro.com.ar\/sitio\/wp-json\/wp\/v2\/posts"}],"about":[{"href":"https:\/\/eldiariodesanpedro.com.ar\/sitio\/wp-json\/wp\/v2\/types\/post"}],"author":[{"embeddable":true,"href":"https:\/\/eldiariodesanpedro.com.ar\/sitio\/wp-json\/wp\/v2\/users\/4"}],"replies":[{"embeddable":true,"href":"https:\/\/eldiariodesanpedro.com.ar\/sitio\/wp-json\/wp\/v2\/comments?post=16948"}],"version-history":[{"count":1,"href":"https:\/\/eldiariodesanpedro.com.ar\/sitio\/wp-json\/wp\/v2\/posts\/16948\/revisions"}],"predecessor-version":[{"id":16949,"href":"https:\/\/eldiariodesanpedro.com.ar\/sitio\/wp-json\/wp\/v2\/posts\/16948\/revisions\/16949"}],"wp:featuredmedia":[{"embeddable":true,"href":"https:\/\/eldiariodesanpedro.com.ar\/sitio\/wp-json\/wp\/v2\/media\/12804"}],"wp:attachment":[{"href":"https:\/\/eldiariodesanpedro.com.ar\/sitio\/wp-json\/wp\/v2\/media?parent=16948"}],"wp:term":[{"taxonomy":"category","embeddable":true,"href":"https:\/\/eldiariodesanpedro.com.ar\/sitio\/wp-json\/wp\/v2\/categories?post=16948"},{"taxonomy":"post_tag","embeddable":true,"href":"https:\/\/eldiariodesanpedro.com.ar\/sitio\/wp-json\/wp\/v2\/tags?post=16948"}],"curies":[{"name":"wp","href":"https:\/\/api.w.org\/{rel}","templated":true}]}}