{"id":16941,"date":"2017-04-04T20:42:23","date_gmt":"2017-04-04T23:42:23","guid":{"rendered":"https:\/\/eldiariodesanpedro.com.ar\/sitio\/?p=16941"},"modified":"2026-01-24T00:26:45","modified_gmt":"2026-01-24T03:26:45","slug":"automovilismo-copa-bora-junior-solmi-fue-septimo-en-olavarria","status":"publish","type":"post","link":"https:\/\/eldiariodesanpedro.com.ar\/sitio\/automovilismo-copa-bora-junior-solmi-fue-septimo-en-olavarria\/","title":{"rendered":"AUTOMOVILISMO, Copa Bora: Junior Solmi Fue s\u00e9ptimo en Olavarr\u00eda"},"content":{"rendered":"<p><!-- VideographyWP Plugin Message: Automatic video embedding prevented by plugin options. --><br \/>\nComo ya hab\u00edamos anticipado, el sampedrino Junior Solmi particip\u00f3 el pasado fin de semana en el Aut\u00f3dromo \u201cHermanos Emiliozzi\u201d de Olavarr\u00eda en la categor\u00eda Copa Bora 1.8.<\/p>\n<p>  Estuvo en duda la participaci\u00f3n de Junior por la falta del presupuesto necesario, pero por su muy buena actuaci\u00f3n en el escenario neuquino (donde gan\u00f3 la pista) y gracias a una empresa muy conocida que le brind\u00f3 un auto \u00fanicamente por esta fecha, pudo correr.<\/p>\n<p>  Terminando el s\u00e1bado, el piloto se encontraba en la posici\u00f3n 11\u00b0 del clasificador general, teniendo distintos problemas con el sistema de ABS y tambi\u00e9n en ambos bolilleros delanteros del Bora.<\/p>\n<p>  El domingo por la ma\u00f1ana, cuando ya estaba solucionado el problema antes nombrado, se largaba la competencia final donde Junior con su m\u00e1quina 115 se ubicaban dentro del caj\u00f3n d\u00e9cimo primero. La carrera se pon\u00eda en marcha y \u00e9l pudo avanzar varias posiciones hasta que, lamentablemente, el rendimiento del motor en rectas no le permit\u00eda la velocidad necesaria para defender su lugar, por ende, cay\u00f3 algunas posiciones. <\/p>\n<p>  Finalmente culmin\u00f3 s\u00e9ptimo, lo que le permite al sampedrino mantenerse dentro del PLAY OFF, que es a lo que aspira para pelear el campeonato.<\/p>\n<p>  El equipo ya est\u00e1 trabajando para reunir el presupuesto deseado y as\u00ed estar presente en la pr\u00f3xima fecha que ser\u00e1 el 16 de este mismo mes en la localidad de Concepci\u00f3n del Uruguay, acompa\u00f1ando como siempre al Turismo de Carretera.<\/p>\n<p>  Adelantamos que este fin de semana 8 y 9 de abril estar\u00e1n disput\u00e1ndose las competencias de las categor\u00edas de FEDENOR, en el Barrancas de Baradero con varios pilotos locales en pista.<\/p>\n","protected":false},"excerpt":{"rendered":"<p>Como ya hab\u00edamos anticipado, el sampedrino Junior Solmi particip\u00f3 el pasado fin de semana en el Aut\u00f3dromo \u201cHermanos Emiliozzi\u201d de Olavarr\u00eda en la categor\u00eda Copa Bora 1.8. Estuvo en duda la participaci\u00f3n de Junior por la falta del presupuesto necesario, pero por su muy buena actuaci\u00f3n en el escenario neuquino (donde gan\u00f3 la pista) y [&hellip;]<\/p>\n","protected":false},"author":4,"featured_media":16942,"comment_status":"open","ping_status":"closed","sticky":false,"template":"","format":"standard","meta":{"om_disable_all_campaigns":false,"_jetpack_memberships_contains_paid_content":false,"footnotes":""},"categories":[5],"tags":[],"class_list":["post-16941","post","type-post","status-publish","format-standard","has-post-thumbnail","hentry","category-deportes"],"aioseo_notices":[],"gutentor_comment":0,"jetpack_featured_media_url":"https:\/\/eldiariodesanpedro.com.ar\/sitio\/wp-content\/uploads\/2017\/04\/Junior-Solmi-y-su-m\u00e1quina-antes-de-la-final-.jpg","jetpack_shortlink":"https:\/\/wp.me\/p6RhLt-4pf","jetpack_sharing_enabled":true,"_links":{"self":[{"href":"https:\/\/eldiariodesanpedro.com.ar\/sitio\/wp-json\/wp\/v2\/posts\/16941","targetHints":{"allow":["GET"]}}],"collection":[{"href":"https:\/\/eldiariodesanpedro.com.ar\/sitio\/wp-json\/wp\/v2\/posts"}],"about":[{"href":"https:\/\/eldiariodesanpedro.com.ar\/sitio\/wp-json\/wp\/v2\/types\/post"}],"author":[{"embeddable":true,"href":"https:\/\/eldiariodesanpedro.com.ar\/sitio\/wp-json\/wp\/v2\/users\/4"}],"replies":[{"embeddable":true,"href":"https:\/\/eldiariodesanpedro.com.ar\/sitio\/wp-json\/wp\/v2\/comments?post=16941"}],"version-history":[{"count":1,"href":"https:\/\/eldiariodesanpedro.com.ar\/sitio\/wp-json\/wp\/v2\/posts\/16941\/revisions"}],"predecessor-version":[{"id":16943,"href":"https:\/\/eldiariodesanpedro.com.ar\/sitio\/wp-json\/wp\/v2\/posts\/16941\/revisions\/16943"}],"wp:featuredmedia":[{"embeddable":true,"href":"https:\/\/eldiariodesanpedro.com.ar\/sitio\/wp-json\/wp\/v2\/media\/16942"}],"wp:attachment":[{"href":"https:\/\/eldiariodesanpedro.com.ar\/sitio\/wp-json\/wp\/v2\/media?parent=16941"}],"wp:term":[{"taxonomy":"category","embeddable":true,"href":"https:\/\/eldiariodesanpedro.com.ar\/sitio\/wp-json\/wp\/v2\/categories?post=16941"},{"taxonomy":"post_tag","embeddable":true,"href":"https:\/\/eldiariodesanpedro.com.ar\/sitio\/wp-json\/wp\/v2\/tags?post=16941"}],"curies":[{"name":"wp","href":"https:\/\/api.w.org\/{rel}","templated":true}]}}