{"id":16937,"date":"2017-04-04T20:39:50","date_gmt":"2017-04-04T23:39:50","guid":{"rendered":"https:\/\/eldiariodesanpedro.com.ar\/sitio\/?p=16937"},"modified":"2026-01-24T00:26:45","modified_gmt":"2026-01-24T03:26:45","slug":"karate-en-independencia-inauguraron-un-nuevo-dojo","status":"publish","type":"post","link":"https:\/\/eldiariodesanpedro.com.ar\/sitio\/karate-en-independencia-inauguraron-un-nuevo-dojo\/","title":{"rendered":"KARATE EN INDEPENDENCIA: Inauguraron un nuevo Dojo"},"content":{"rendered":"<p><!-- VideographyWP Plugin Message: Automatic video embedding prevented by plugin options. --><br \/>\nLa A. S. K. (Asociaci\u00f3n Sampedrina de Karate), Hayashi Ha Shitoryu Kai, inaugur\u00f3 una nueva filial en Independencia F.C.<\/p>\n<p>  Las clases estar\u00e1n a cargo del Sensei Carlos Fanego, sumando esta filial a las ya existentes Hombu Dojo a cargo del Sensei H\u00e9ctor Barcala, Daniel Abaca, Carlos Fanego y Sergio M\u00e9ndez; CEF a cargo del Sensei Ivan Zarzeski y Boy Scout a cargo del Sensei \u00c1ngel Alzogaray.<\/p>\n<p>  En la inauguraci\u00f3n se encontraban presentes los directivos del Club y el Director del estilo Sensei H\u00e9ctor Barcala.<\/p>\n","protected":false},"excerpt":{"rendered":"<p>La A. S. K. (Asociaci\u00f3n Sampedrina de Karate), Hayashi Ha Shitoryu Kai, inaugur\u00f3 una nueva filial en Independencia F.C. Las clases estar\u00e1n a cargo del Sensei Carlos Fanego, sumando esta filial a las ya existentes Hombu Dojo a cargo del Sensei H\u00e9ctor Barcala, Daniel Abaca, Carlos Fanego y Sergio M\u00e9ndez; CEF a cargo del Sensei [&hellip;]<\/p>\n","protected":false},"author":4,"featured_media":16938,"comment_status":"open","ping_status":"closed","sticky":false,"template":"","format":"standard","meta":{"om_disable_all_campaigns":false,"_jetpack_memberships_contains_paid_content":false,"footnotes":""},"categories":[5],"tags":[],"class_list":["post-16937","post","type-post","status-publish","format-standard","has-post-thumbnail","hentry","category-deportes"],"aioseo_notices":[],"gutentor_comment":0,"jetpack_featured_media_url":"https:\/\/eldiariodesanpedro.com.ar\/sitio\/wp-content\/uploads\/2017\/04\/Un-nuevo-espacio-para-la-actividad-en-un-gran-Club.jpg","jetpack_shortlink":"https:\/\/wp.me\/p6RhLt-4pb","jetpack_sharing_enabled":true,"_links":{"self":[{"href":"https:\/\/eldiariodesanpedro.com.ar\/sitio\/wp-json\/wp\/v2\/posts\/16937","targetHints":{"allow":["GET"]}}],"collection":[{"href":"https:\/\/eldiariodesanpedro.com.ar\/sitio\/wp-json\/wp\/v2\/posts"}],"about":[{"href":"https:\/\/eldiariodesanpedro.com.ar\/sitio\/wp-json\/wp\/v2\/types\/post"}],"author":[{"embeddable":true,"href":"https:\/\/eldiariodesanpedro.com.ar\/sitio\/wp-json\/wp\/v2\/users\/4"}],"replies":[{"embeddable":true,"href":"https:\/\/eldiariodesanpedro.com.ar\/sitio\/wp-json\/wp\/v2\/comments?post=16937"}],"version-history":[{"count":1,"href":"https:\/\/eldiariodesanpedro.com.ar\/sitio\/wp-json\/wp\/v2\/posts\/16937\/revisions"}],"predecessor-version":[{"id":16939,"href":"https:\/\/eldiariodesanpedro.com.ar\/sitio\/wp-json\/wp\/v2\/posts\/16937\/revisions\/16939"}],"wp:featuredmedia":[{"embeddable":true,"href":"https:\/\/eldiariodesanpedro.com.ar\/sitio\/wp-json\/wp\/v2\/media\/16938"}],"wp:attachment":[{"href":"https:\/\/eldiariodesanpedro.com.ar\/sitio\/wp-json\/wp\/v2\/media?parent=16937"}],"wp:term":[{"taxonomy":"category","embeddable":true,"href":"https:\/\/eldiariodesanpedro.com.ar\/sitio\/wp-json\/wp\/v2\/categories?post=16937"},{"taxonomy":"post_tag","embeddable":true,"href":"https:\/\/eldiariodesanpedro.com.ar\/sitio\/wp-json\/wp\/v2\/tags?post=16937"}],"curies":[{"name":"wp","href":"https:\/\/api.w.org\/{rel}","templated":true}]}}