{"id":16933,"date":"2017-04-04T20:38:27","date_gmt":"2017-04-04T23:38:27","guid":{"rendered":"https:\/\/eldiariodesanpedro.com.ar\/sitio\/?p=16933"},"modified":"2026-01-24T00:26:45","modified_gmt":"2026-01-24T03:26:45","slug":"patin-artistico-baca-y-nouet-fueron-ganadoras-en-sus-categorias","status":"publish","type":"post","link":"https:\/\/eldiariodesanpedro.com.ar\/sitio\/patin-artistico-baca-y-nouet-fueron-ganadoras-en-sus-categorias\/","title":{"rendered":"PAT\u00cdN ART\u00cdSTICO: Baca y Nouet fueron ganadoras en sus categor\u00edas"},"content":{"rendered":"<p><!-- VideographyWP Plugin Message: Automatic video embedding prevented by plugin options. --><br \/>\n  Paran\u00e1 F.C., particip\u00f3 el pasado domingo en la 1ra. fecha de la temporada de la Federaci\u00f3n Argentina de Pat\u00edn Art\u00edstico, la cual se disput\u00f3 en el Club Atl\u00e9tico Hurac\u00e1n en el barrio de Parque Patricios (CABA) obteniendo los siguientes resultados:<\/p>\n<p><strong>Federadas<\/strong><br \/>\n3\u00ba categ.\u00bbC\u00bb 1ra: Sof\u00eda Baca<br \/>\n4\u00ba categ.\u00bbC\u00bb 2da: Catalina Marelli<br \/>\n5\u00ba categ.\u00bbC\u00bb 2da: Natasha Salazar<br \/>\n3ra: Candela Oilher<br \/>\n5ta: Emilia Vetta<br \/>\n6ta: Valentina Cejas<\/p>\n<p>Promocionales Junior &#8211; 1ra: Violeta Nouet<br \/>\nPromocionales Inf. &#8211;  4ta: Alisa P\u00e1ez<\/p>\n<p>Escuela Formativa: Milena Luna (2da), P\u00eda G\u00f3mez (3ra), Malena Salvatierra (4ta), Ingrid Blanco (5ta).<\/p>\n<p><strong>No Federadas<\/strong><br \/>\nFormativas: 3ra: Italina Cuello<br \/>\n5ta: Ayrmar Gonz\u00e1lez<br \/>\n6ta: Martina Figueredo<\/p>\n<p>5ta. categ.\u00bbC\u00bb 3ra: Luc\u00eda Gonz\u00e1lez <\/p>\n<p>Incentivo: Ema Manzo, Catalina Barrojo, Aia Ver\u00f3n, Alma Lobianco, Josefina Novo, Amparo Courtade y Delfina Garc\u00eda (siendo para ellas su primera experiencia en este nivel).<\/p>\n<p><a href=\"https:\/\/eldiariodesanpedro.com.ar\/sitio\/wp-content\/uploads\/2017\/04\/Las-chicas-del-\u201cAlbirojo\u201d-en-Hurac\u00e1n.jpg\"><img decoding=\"async\" data-attachment-id=\"16935\" data-permalink=\"https:\/\/eldiariodesanpedro.com.ar\/sitio\/patin-artistico-baca-y-nouet-fueron-ganadoras-en-sus-categorias\/las-chicas-del-albirojo-en-huracan\/\" data-orig-file=\"https:\/\/eldiariodesanpedro.com.ar\/sitio\/wp-content\/uploads\/2017\/04\/Las-chicas-del-\u201cAlbirojo\u201d-en-Hurac\u00e1n.jpg\" data-orig-size=\"720,540\" data-comments-opened=\"1\" data-image-meta=\"{&quot;aperture&quot;:&quot;0&quot;,&quot;credit&quot;:&quot;&quot;,&quot;camera&quot;:&quot;&quot;,&quot;caption&quot;:&quot;&quot;,&quot;created_timestamp&quot;:&quot;0&quot;,&quot;copyright&quot;:&quot;&quot;,&quot;focal_length&quot;:&quot;0&quot;,&quot;iso&quot;:&quot;0&quot;,&quot;shutter_speed&quot;:&quot;0&quot;,&quot;title&quot;:&quot;&quot;,&quot;orientation&quot;:&quot;0&quot;}\" data-image-title=\"Las chicas del \u201cAlbirojo\u201d en Hurac\u00e1n\" data-image-description=\"\" data-image-caption=\"\" data-large-file=\"https:\/\/eldiariodesanpedro.com.ar\/sitio\/wp-content\/uploads\/2017\/04\/Las-chicas-del-\u201cAlbirojo\u201d-en-Hurac\u00e1n.jpg\" data-src=\"https:\/\/eldiariodesanpedro.com.ar\/sitio\/wp-content\/uploads\/2017\/04\/Las-chicas-del-\u201cAlbirojo\u201d-en-Hurac\u00e1n-300x225.jpg\" alt=\"\" width=\"300\" height=\"225\" class=\"alignnone size-medium wp-image-16935 lazyload\" data-srcset=\"https:\/\/eldiariodesanpedro.com.ar\/sitio\/wp-content\/uploads\/2017\/04\/Las-chicas-del-\u201cAlbirojo\u201d-en-Hurac\u00e1n-300x225.jpg 300w, https:\/\/eldiariodesanpedro.com.ar\/sitio\/wp-content\/uploads\/2017\/04\/Las-chicas-del-\u201cAlbirojo\u201d-en-Hurac\u00e1n.jpg 720w\" data-sizes=\"(max-width: 300px) 100vw, 300px\" src=\"data:image\/svg+xml;base64,PHN2ZyB3aWR0aD0iMSIgaGVpZ2h0PSIxIiB4bWxucz0iaHR0cDovL3d3dy53My5vcmcvMjAwMC9zdmciPjwvc3ZnPg==\" style=\"--smush-placeholder-width: 300px; --smush-placeholder-aspect-ratio: 300\/225;\" \/><\/a><\/p>\n","protected":false},"excerpt":{"rendered":"<p>Paran\u00e1 F.C., particip\u00f3 el pasado domingo en la 1ra. fecha de la temporada de la Federaci\u00f3n Argentina de Pat\u00edn Art\u00edstico, la cual se disput\u00f3 en el Club Atl\u00e9tico Hurac\u00e1n en el barrio de Parque Patricios (CABA) obteniendo los siguientes resultados: Federadas 3\u00ba categ.\u00bbC\u00bb 1ra: Sof\u00eda Baca 4\u00ba categ.\u00bbC\u00bb 2da: Catalina Marelli 5\u00ba categ.\u00bbC\u00bb 2da: Natasha [&hellip;]<\/p>\n","protected":false},"author":4,"featured_media":16934,"comment_status":"open","ping_status":"closed","sticky":false,"template":"","format":"standard","meta":{"om_disable_all_campaigns":false,"_jetpack_memberships_contains_paid_content":false,"footnotes":""},"categories":[5],"tags":[],"class_list":["post-16933","post","type-post","status-publish","format-standard","has-post-thumbnail","hentry","category-deportes"],"aioseo_notices":[],"gutentor_comment":1,"jetpack_featured_media_url":"https:\/\/eldiariodesanpedro.com.ar\/sitio\/wp-content\/uploads\/2017\/04\/La-entrenadora-Carina-Ruiz-y-deportistas.jpg","jetpack_shortlink":"https:\/\/wp.me\/p6RhLt-4p7","jetpack_sharing_enabled":true,"_links":{"self":[{"href":"https:\/\/eldiariodesanpedro.com.ar\/sitio\/wp-json\/wp\/v2\/posts\/16933","targetHints":{"allow":["GET"]}}],"collection":[{"href":"https:\/\/eldiariodesanpedro.com.ar\/sitio\/wp-json\/wp\/v2\/posts"}],"about":[{"href":"https:\/\/eldiariodesanpedro.com.ar\/sitio\/wp-json\/wp\/v2\/types\/post"}],"author":[{"embeddable":true,"href":"https:\/\/eldiariodesanpedro.com.ar\/sitio\/wp-json\/wp\/v2\/users\/4"}],"replies":[{"embeddable":true,"href":"https:\/\/eldiariodesanpedro.com.ar\/sitio\/wp-json\/wp\/v2\/comments?post=16933"}],"version-history":[{"count":1,"href":"https:\/\/eldiariodesanpedro.com.ar\/sitio\/wp-json\/wp\/v2\/posts\/16933\/revisions"}],"predecessor-version":[{"id":16936,"href":"https:\/\/eldiariodesanpedro.com.ar\/sitio\/wp-json\/wp\/v2\/posts\/16933\/revisions\/16936"}],"wp:featuredmedia":[{"embeddable":true,"href":"https:\/\/eldiariodesanpedro.com.ar\/sitio\/wp-json\/wp\/v2\/media\/16934"}],"wp:attachment":[{"href":"https:\/\/eldiariodesanpedro.com.ar\/sitio\/wp-json\/wp\/v2\/media?parent=16933"}],"wp:term":[{"taxonomy":"category","embeddable":true,"href":"https:\/\/eldiariodesanpedro.com.ar\/sitio\/wp-json\/wp\/v2\/categories?post=16933"},{"taxonomy":"post_tag","embeddable":true,"href":"https:\/\/eldiariodesanpedro.com.ar\/sitio\/wp-json\/wp\/v2\/tags?post=16933"}],"curies":[{"name":"wp","href":"https:\/\/api.w.org\/{rel}","templated":true}]}}