{"id":16927,"date":"2017-04-04T20:11:19","date_gmt":"2017-04-04T23:11:19","guid":{"rendered":"https:\/\/eldiariodesanpedro.com.ar\/sitio\/?p=16927"},"modified":"2017-04-04T20:11:19","modified_gmt":"2017-04-04T23:11:19","slug":"motin-en-pergamino-detuvieron-a-5-policias-y-buscan-a-un-profugo","status":"publish","type":"post","link":"https:\/\/eldiariodesanpedro.com.ar\/sitio\/motin-en-pergamino-detuvieron-a-5-policias-y-buscan-a-un-profugo\/","title":{"rendered":"MOT\u00cdN EN PERGAMINO: Detuvieron a 5 polic\u00edas y buscan a un pr\u00f3fugo"},"content":{"rendered":"<p><!-- VideographyWP Plugin Message: Automatic video embedding prevented by plugin options. --><br \/>\nEl juez de garant\u00edas Cesar Alejandro Solazzi hizo lugar al pedido del fiscal Nelson Mastorchio y orden\u00f3 la detenci\u00f3n de seis polic\u00edas bonaerenses por el incendio en la comisar\u00eda de Pergamino. Uno de los efectivos est\u00e1 pr\u00f3fugo.<\/p>\n<p>Los polic\u00edas, que estaban de servicio el d\u00eda de la tragedia, est\u00e1n acusados por el delito de abandono de persona seguido de muerte.<\/p>\n<p>La lista de imputados incluye al comisario Sebasti\u00e1n Alberto Donza, el Sargento Brian Carrizo, el teniente Primero Sergio Rodas, el Oficial Sub Ayudante Alexis Miguel Eva, la ayudante de Guardia Carolina Denise Guevara y Mat\u00edas Ezequiel Giulietti.<\/p>\n<p>El fiscal Mastorchio bas\u00f3 la imputaci\u00f3n en la declaraci\u00f3n de los detenidos que sobrevivieron a la masacre, de los bomberos voluntarios que apagaron el fuego y de una serie de peritajes que llevaron adelante la Divisi\u00f3n de Bomberos y Escena del Crimen de la Polic\u00eda Federal. Con estas pruebas, Mastorchio comprob\u00f3 que el 2 de marzo pasado, los polic\u00edas no abrieron la puerta de la celda 1 y dejaron morir a los siete presos. Los agentes dijeron que no encontraban la llave. Los bomberos debieron apagar las llamas lanzando agua a trav\u00e9s de los barrotes.<\/p>\n<p>Los bomberos encontraron los cuerpos de Sergio Filiberto, Federico Perrota, Alan C\u00f3rdoba, Franco Pizarro, Jhon Mario Chilito Claros, Juan Carlos \u201cNoni\u201d Cabrera y Fernando Nahuel Latorre apilados en el ba\u00f1o. Las autopsias confirmaron que murieron por inhalaci\u00f3n de mon\u00f3xido de carbono. (Minuto 1)<\/p>\n","protected":false},"excerpt":{"rendered":"<p>El juez de garant\u00edas Cesar Alejandro Solazzi hizo lugar al pedido del fiscal Nelson Mastorchio y orden\u00f3 la detenci\u00f3n de seis polic\u00edas bonaerenses por el incendio en la comisar\u00eda de Pergamino. Uno de los efectivos est\u00e1 pr\u00f3fugo. Los polic\u00edas, que estaban de servicio el d\u00eda de la tragedia, est\u00e1n acusados por el delito de abandono [&hellip;]<\/p>\n","protected":false},"author":4,"featured_media":16929,"comment_status":"open","ping_status":"closed","sticky":false,"template":"","format":"standard","meta":{"om_disable_all_campaigns":false,"_jetpack_memberships_contains_paid_content":false,"footnotes":""},"categories":[621],"tags":[],"class_list":["post-16927","post","type-post","status-publish","format-standard","has-post-thumbnail","hentry","category-regionales"],"aioseo_notices":[],"gutentor_comment":0,"jetpack_featured_media_url":"https:\/\/eldiariodesanpedro.com.ar\/sitio\/wp-content\/uploads\/2017\/04\/Detuvieron-a-5-polic\u00edas-y-buscan-a-un-pr\u00f3fugo.jpg","jetpack_shortlink":"https:\/\/wp.me\/p6RhLt-4p1","jetpack_sharing_enabled":true,"_links":{"self":[{"href":"https:\/\/eldiariodesanpedro.com.ar\/sitio\/wp-json\/wp\/v2\/posts\/16927","targetHints":{"allow":["GET"]}}],"collection":[{"href":"https:\/\/eldiariodesanpedro.com.ar\/sitio\/wp-json\/wp\/v2\/posts"}],"about":[{"href":"https:\/\/eldiariodesanpedro.com.ar\/sitio\/wp-json\/wp\/v2\/types\/post"}],"author":[{"embeddable":true,"href":"https:\/\/eldiariodesanpedro.com.ar\/sitio\/wp-json\/wp\/v2\/users\/4"}],"replies":[{"embeddable":true,"href":"https:\/\/eldiariodesanpedro.com.ar\/sitio\/wp-json\/wp\/v2\/comments?post=16927"}],"version-history":[{"count":1,"href":"https:\/\/eldiariodesanpedro.com.ar\/sitio\/wp-json\/wp\/v2\/posts\/16927\/revisions"}],"predecessor-version":[{"id":16931,"href":"https:\/\/eldiariodesanpedro.com.ar\/sitio\/wp-json\/wp\/v2\/posts\/16927\/revisions\/16931"}],"wp:featuredmedia":[{"embeddable":true,"href":"https:\/\/eldiariodesanpedro.com.ar\/sitio\/wp-json\/wp\/v2\/media\/16929"}],"wp:attachment":[{"href":"https:\/\/eldiariodesanpedro.com.ar\/sitio\/wp-json\/wp\/v2\/media?parent=16927"}],"wp:term":[{"taxonomy":"category","embeddable":true,"href":"https:\/\/eldiariodesanpedro.com.ar\/sitio\/wp-json\/wp\/v2\/categories?post=16927"},{"taxonomy":"post_tag","embeddable":true,"href":"https:\/\/eldiariodesanpedro.com.ar\/sitio\/wp-json\/wp\/v2\/tags?post=16927"}],"curies":[{"name":"wp","href":"https:\/\/api.w.org\/{rel}","templated":true}]}}