{"id":16924,"date":"2017-04-04T20:09:22","date_gmt":"2017-04-04T23:09:22","guid":{"rendered":"https:\/\/eldiariodesanpedro.com.ar\/sitio\/?p=16924"},"modified":"2017-04-04T20:09:22","modified_gmt":"2017-04-04T23:09:22","slug":"zarate-un-camionero-murio-al-caer-del-segundo-puente-del-complejo-brazo-largo","status":"publish","type":"post","link":"https:\/\/eldiariodesanpedro.com.ar\/sitio\/zarate-un-camionero-murio-al-caer-del-segundo-puente-del-complejo-brazo-largo\/","title":{"rendered":"Z\u00c1RATE: Un camionero muri\u00f3 al caer del segundo puente del Complejo Brazo Largo"},"content":{"rendered":"<p><!-- VideographyWP Plugin Message: Automatic video embedding prevented by plugin options. --><br \/>\nUn camionero falleci\u00f3 esta ma\u00f1ana al caer del segundo puente del Complejo Z\u00e1rate Brazo Largo, en el km 114 de Ruta N\u00ba 12.<\/p>\n<p>Un hombre falleci\u00f3 cuando el cami\u00f3n que manejaba choc\u00f3 y cay\u00f3 al vaci\u00f3 desde 40 metros, a la altura del kil\u00f3metro 112 de la ruta 12, sobre el puente Urquiza del complejo Z\u00e1rate-Brazo Largo, en la mano del tr\u00e1nsito hacia Buenos Aires.<\/p>\n<p>\u00abEl hombre ven\u00eda circulando en sentido a Buenos Aires, perdi\u00f3 el control y fue directo contra la baranda del puente y cay\u00f3; los peritos determinar\u00e1n las causas reales del siniestro\u00bb, inform\u00f3 a T\u00e9lam el vocero de Caminos del Uruguay, Mariano Bradanini.<\/p>\n<p>Por el accidente, que ocurri\u00f3 a las 10.40, las autoridades viales cortaron un carril del puente y el paso de veh\u00edculos se redujo a la modalidad de tr\u00e1nsito asistido.<\/p>\n<p>En el lugar intervinieron bomberos voluntarios de Ceibas, personal de Seguridad vial de la ruta 12, polic\u00eda vial de Entre R\u00edos y de Gendarmer\u00eda. (Enlace Cr\u00edtoco y GiraBS AS)<\/p>\n","protected":false},"excerpt":{"rendered":"<p>Un camionero falleci\u00f3 esta ma\u00f1ana al caer del segundo puente del Complejo Z\u00e1rate Brazo Largo, en el km 114 de Ruta N\u00ba 12. Un hombre falleci\u00f3 cuando el cami\u00f3n que manejaba choc\u00f3 y cay\u00f3 al vaci\u00f3 desde 40 metros, a la altura del kil\u00f3metro 112 de la ruta 12, sobre el puente Urquiza del complejo [&hellip;]<\/p>\n","protected":false},"author":4,"featured_media":16926,"comment_status":"open","ping_status":"closed","sticky":false,"template":"","format":"standard","meta":{"om_disable_all_campaigns":false,"_jetpack_memberships_contains_paid_content":false,"footnotes":""},"categories":[621],"tags":[],"class_list":["post-16924","post","type-post","status-publish","format-standard","has-post-thumbnail","hentry","category-regionales"],"aioseo_notices":[],"gutentor_comment":0,"jetpack_featured_media_url":"https:\/\/eldiariodesanpedro.com.ar\/sitio\/wp-content\/uploads\/2017\/04\/El-accidente-ocurrido-en-el-Complejo-Z\u00e1rate-Brazo-Largo.jpg","jetpack_shortlink":"https:\/\/wp.me\/p6RhLt-4oY","jetpack_sharing_enabled":true,"_links":{"self":[{"href":"https:\/\/eldiariodesanpedro.com.ar\/sitio\/wp-json\/wp\/v2\/posts\/16924","targetHints":{"allow":["GET"]}}],"collection":[{"href":"https:\/\/eldiariodesanpedro.com.ar\/sitio\/wp-json\/wp\/v2\/posts"}],"about":[{"href":"https:\/\/eldiariodesanpedro.com.ar\/sitio\/wp-json\/wp\/v2\/types\/post"}],"author":[{"embeddable":true,"href":"https:\/\/eldiariodesanpedro.com.ar\/sitio\/wp-json\/wp\/v2\/users\/4"}],"replies":[{"embeddable":true,"href":"https:\/\/eldiariodesanpedro.com.ar\/sitio\/wp-json\/wp\/v2\/comments?post=16924"}],"version-history":[{"count":1,"href":"https:\/\/eldiariodesanpedro.com.ar\/sitio\/wp-json\/wp\/v2\/posts\/16924\/revisions"}],"predecessor-version":[{"id":16928,"href":"https:\/\/eldiariodesanpedro.com.ar\/sitio\/wp-json\/wp\/v2\/posts\/16924\/revisions\/16928"}],"wp:featuredmedia":[{"embeddable":true,"href":"https:\/\/eldiariodesanpedro.com.ar\/sitio\/wp-json\/wp\/v2\/media\/16926"}],"wp:attachment":[{"href":"https:\/\/eldiariodesanpedro.com.ar\/sitio\/wp-json\/wp\/v2\/media?parent=16924"}],"wp:term":[{"taxonomy":"category","embeddable":true,"href":"https:\/\/eldiariodesanpedro.com.ar\/sitio\/wp-json\/wp\/v2\/categories?post=16924"},{"taxonomy":"post_tag","embeddable":true,"href":"https:\/\/eldiariodesanpedro.com.ar\/sitio\/wp-json\/wp\/v2\/tags?post=16924"}],"curies":[{"name":"wp","href":"https:\/\/api.w.org\/{rel}","templated":true}]}}