{"id":16922,"date":"2017-04-04T20:08:17","date_gmt":"2017-04-04T23:08:17","guid":{"rendered":"https:\/\/eldiariodesanpedro.com.ar\/sitio\/?p=16922"},"modified":"2017-04-04T20:08:17","modified_gmt":"2017-04-04T23:08:17","slug":"la-acreditacion-de-datos-personales-es-necesaria-para-realizar-tramites-2","status":"publish","type":"post","link":"https:\/\/eldiariodesanpedro.com.ar\/sitio\/la-acreditacion-de-datos-personales-es-necesaria-para-realizar-tramites-2\/","title":{"rendered":"La acreditaci\u00f3n de datos personales es necesaria para realizar tr\u00e1mites"},"content":{"rendered":"<p><!-- VideographyWP Plugin Message: Automatic video embedding prevented by plugin options. --><br \/>\nLa ANSES recuerda que, para realizar cualquier tipo de tr\u00e1mite ante el organismo, el interesado debe tener actualizados sus datos personales y familiares en las bases correspondientes. Para acreditar esa informaci\u00f3n, deber\u00e1 acercarse a cualquier delegaci\u00f3n sin turno previo.<\/p>\n<p>Si se trata de datos personales, tendr\u00e1 que presentar el documento de identidad. Para acreditar v\u00ednculos familiares, deber\u00e1 adjuntar, en el caso de matrimonio, certificado de matrimonio, y de los hijos el certificado de nacimiento de cada uno, tenencia o guarda.<br \/>\nEn todos los casos, debe a\u00f1adirse copia a la documentaci\u00f3n. <\/p>\n<p><strong>Grupos de pago para ma\u00f1ana<\/strong><\/p>\n<p>Titulares de Pensiones No Contributivas cuyos documentos terminan en 6, 7, 8 y 9.<br \/>\nTitulares de la Asignaci\u00f3n Universal por Hijo, por Embarazo para Protecci\u00f3n Social y PROGRESAR cuyos documentos terminan en 0.<\/p>\n<p>Los calendarios de pagos de todas las prestaciones pueden consultarse en www.anses.gob.ar. <\/p>\n","protected":false},"excerpt":{"rendered":"<p>La ANSES recuerda que, para realizar cualquier tipo de tr\u00e1mite ante el organismo, el interesado debe tener actualizados sus datos personales y familiares en las bases correspondientes. Para acreditar esa informaci\u00f3n, deber\u00e1 acercarse a cualquier delegaci\u00f3n sin turno previo. Si se trata de datos personales, tendr\u00e1 que presentar el documento de identidad. Para acreditar v\u00ednculos [&hellip;]<\/p>\n","protected":false},"author":4,"featured_media":3392,"comment_status":"open","ping_status":"closed","sticky":false,"template":"","format":"standard","meta":{"om_disable_all_campaigns":false,"_jetpack_memberships_contains_paid_content":false,"footnotes":""},"categories":[101,2],"tags":[],"class_list":["post-16922","post","type-post","status-publish","format-standard","has-post-thumbnail","hentry","category-interes-general-locales","category-locales"],"aioseo_notices":[],"gutentor_comment":0,"jetpack_featured_media_url":"https:\/\/eldiariodesanpedro.com.ar\/sitio\/wp-content\/uploads\/2016\/04\/MAT7-ANSES2.jpg","jetpack_shortlink":"https:\/\/wp.me\/p6RhLt-4oW","jetpack_sharing_enabled":true,"_links":{"self":[{"href":"https:\/\/eldiariodesanpedro.com.ar\/sitio\/wp-json\/wp\/v2\/posts\/16922","targetHints":{"allow":["GET"]}}],"collection":[{"href":"https:\/\/eldiariodesanpedro.com.ar\/sitio\/wp-json\/wp\/v2\/posts"}],"about":[{"href":"https:\/\/eldiariodesanpedro.com.ar\/sitio\/wp-json\/wp\/v2\/types\/post"}],"author":[{"embeddable":true,"href":"https:\/\/eldiariodesanpedro.com.ar\/sitio\/wp-json\/wp\/v2\/users\/4"}],"replies":[{"embeddable":true,"href":"https:\/\/eldiariodesanpedro.com.ar\/sitio\/wp-json\/wp\/v2\/comments?post=16922"}],"version-history":[{"count":1,"href":"https:\/\/eldiariodesanpedro.com.ar\/sitio\/wp-json\/wp\/v2\/posts\/16922\/revisions"}],"predecessor-version":[{"id":16925,"href":"https:\/\/eldiariodesanpedro.com.ar\/sitio\/wp-json\/wp\/v2\/posts\/16922\/revisions\/16925"}],"wp:featuredmedia":[{"embeddable":true,"href":"https:\/\/eldiariodesanpedro.com.ar\/sitio\/wp-json\/wp\/v2\/media\/3392"}],"wp:attachment":[{"href":"https:\/\/eldiariodesanpedro.com.ar\/sitio\/wp-json\/wp\/v2\/media?parent=16922"}],"wp:term":[{"taxonomy":"category","embeddable":true,"href":"https:\/\/eldiariodesanpedro.com.ar\/sitio\/wp-json\/wp\/v2\/categories?post=16922"},{"taxonomy":"post_tag","embeddable":true,"href":"https:\/\/eldiariodesanpedro.com.ar\/sitio\/wp-json\/wp\/v2\/tags?post=16922"}],"curies":[{"name":"wp","href":"https:\/\/api.w.org\/{rel}","templated":true}]}}