{"id":16915,"date":"2017-04-04T19:58:22","date_gmt":"2017-04-04T22:58:22","guid":{"rendered":"https:\/\/eldiariodesanpedro.com.ar\/sitio\/?p=16915"},"modified":"2017-04-04T19:58:22","modified_gmt":"2017-04-04T22:58:22","slug":"actualizacion-de-tareas-del-sector-electrico-2","status":"publish","type":"post","link":"https:\/\/eldiariodesanpedro.com.ar\/sitio\/actualizacion-de-tareas-del-sector-electrico-2\/","title":{"rendered":"Actualizaci\u00f3n de tareas del sector el\u00e9ctrico"},"content":{"rendered":"<p><!-- VideographyWP Plugin Message: Automatic video embedding prevented by plugin options. --><br \/>\nEn diferentes puntos de la ciudad y el partido se trabaja con reestructuraciones de l\u00edneas a\u00e9reas de baja tensi\u00f3n trif\u00e1sica preensamblada. En 1001 y Goycochea uno de estos operativos beneficia a unos 25 socios. <\/p>\n<p>Para el fideicomiso Mirador del Paran\u00e1 se reemplazan siete columnas de hormig\u00f3n sobre calle G\u00fcemes entre el 2800 y el 3000 con un presupuesto de $ 21.000 y para 20 usuarios. <\/p>\n<p>En un proyecto de la firma Jorge Caso S.A. para el corrimiento de la Subestaci\u00f3n Transformadora se trabaja en la valorizaci\u00f3n de materiales mano de obra y equipos, para trasladar la unidad existente en la plataforma de hierro N\u00b0 2559, con un presupuesto de $ 145.064.<\/p>\n<p>En Ruiz Moreno al 200 se extiende una l\u00ednea a\u00e9rea en baja tensi\u00f3n trif\u00e1sica preensamblada sobre fachada y en Litoral 1145 se retira una l\u00ednea sin corrimiento de columna.<\/p>\n<p>Prosigue el recambio de las 206 luminarias de alumbrado p\u00fablico, con la instalaci\u00f3n de 206 artefactos led y un presupuesto de $ 230.119.<\/p>\n<p>En el proyecto de Cooperativa Nuestro Sue\u00f1o en San Pedro se extiende l\u00ednea a\u00e9rea de baja tensi\u00f3n con cable preensamblado para 30 usuarios y con un presupuesto de $ 52.000.<\/p>\n<p>Se han atendido reclamos en Polo Industrial reestructurando l\u00edneas de baja tensi\u00f3n, se han cumplido relevamientos de alimentadores por plan de mantenimiento y prosigue la normalizaci\u00f3n de postes afectados por las contingencias clim\u00e1ticas.<\/p>\n","protected":false},"excerpt":{"rendered":"<p>En diferentes puntos de la ciudad y el partido se trabaja con reestructuraciones de l\u00edneas a\u00e9reas de baja tensi\u00f3n trif\u00e1sica preensamblada. En 1001 y Goycochea uno de estos operativos beneficia a unos 25 socios. Para el fideicomiso Mirador del Paran\u00e1 se reemplazan siete columnas de hormig\u00f3n sobre calle G\u00fcemes entre el 2800 y el 3000 [&hellip;]<\/p>\n","protected":false},"author":4,"featured_media":6360,"comment_status":"open","ping_status":"closed","sticky":false,"template":"","format":"standard","meta":{"om_disable_all_campaigns":false,"_jetpack_memberships_contains_paid_content":false,"footnotes":""},"categories":[101,2],"tags":[],"class_list":["post-16915","post","type-post","status-publish","format-standard","has-post-thumbnail","hentry","category-interes-general-locales","category-locales"],"aioseo_notices":[],"gutentor_comment":0,"jetpack_featured_media_url":"https:\/\/eldiariodesanpedro.com.ar\/sitio\/wp-content\/uploads\/2016\/07\/coopser.jpg","jetpack_shortlink":"https:\/\/wp.me\/p6RhLt-4oP","jetpack_sharing_enabled":true,"_links":{"self":[{"href":"https:\/\/eldiariodesanpedro.com.ar\/sitio\/wp-json\/wp\/v2\/posts\/16915","targetHints":{"allow":["GET"]}}],"collection":[{"href":"https:\/\/eldiariodesanpedro.com.ar\/sitio\/wp-json\/wp\/v2\/posts"}],"about":[{"href":"https:\/\/eldiariodesanpedro.com.ar\/sitio\/wp-json\/wp\/v2\/types\/post"}],"author":[{"embeddable":true,"href":"https:\/\/eldiariodesanpedro.com.ar\/sitio\/wp-json\/wp\/v2\/users\/4"}],"replies":[{"embeddable":true,"href":"https:\/\/eldiariodesanpedro.com.ar\/sitio\/wp-json\/wp\/v2\/comments?post=16915"}],"version-history":[{"count":1,"href":"https:\/\/eldiariodesanpedro.com.ar\/sitio\/wp-json\/wp\/v2\/posts\/16915\/revisions"}],"predecessor-version":[{"id":16917,"href":"https:\/\/eldiariodesanpedro.com.ar\/sitio\/wp-json\/wp\/v2\/posts\/16915\/revisions\/16917"}],"wp:featuredmedia":[{"embeddable":true,"href":"https:\/\/eldiariodesanpedro.com.ar\/sitio\/wp-json\/wp\/v2\/media\/6360"}],"wp:attachment":[{"href":"https:\/\/eldiariodesanpedro.com.ar\/sitio\/wp-json\/wp\/v2\/media?parent=16915"}],"wp:term":[{"taxonomy":"category","embeddable":true,"href":"https:\/\/eldiariodesanpedro.com.ar\/sitio\/wp-json\/wp\/v2\/categories?post=16915"},{"taxonomy":"post_tag","embeddable":true,"href":"https:\/\/eldiariodesanpedro.com.ar\/sitio\/wp-json\/wp\/v2\/tags?post=16915"}],"curies":[{"name":"wp","href":"https:\/\/api.w.org\/{rel}","templated":true}]}}