{"id":16912,"date":"2017-04-04T19:56:38","date_gmt":"2017-04-04T22:56:38","guid":{"rendered":"https:\/\/eldiariodesanpedro.com.ar\/sitio\/?p=16912"},"modified":"2017-04-04T19:56:38","modified_gmt":"2017-04-04T22:56:38","slug":"salazar-firmo-un-convenio-en-la-secretaria-de-viviendas-y-habitat","status":"publish","type":"post","link":"https:\/\/eldiariodesanpedro.com.ar\/sitio\/salazar-firmo-un-convenio-en-la-secretaria-de-viviendas-y-habitat\/","title":{"rendered":"Salazar firm\u00f3 un convenio en la Secretar\u00eda de Viviendas y H\u00e1bitat"},"content":{"rendered":"<p><!-- VideographyWP Plugin Message: Automatic video embedding prevented by plugin options. --><br \/>\nEl Intendente Salazar viaj\u00f3 a Capital Federal junto al Secretario de Infraestructura y Planeamiento Alfredo Camilletti, para firmar un convenio con la Secretar\u00eda de Vivienda y H\u00e1bitat del Ministerio del Interior Obras P\u00fablicas y Vivienda de la Naci\u00f3n, que comanda Rogelio Frigerio.<\/p>\n<p>  \u201cFirmamos un convenio con H\u00e1bitat de Naci\u00f3n en la Casa Rosada\u201d, sostuvo el Jefe Comunal al ser consultado por el encuentro.<\/p>\n<p>  \u201cSignifica una suma aproximada de 50 millones de pesos\u201d aclar\u00f3 y explic\u00f3 que est\u00e1 relacionado a la urbanizaci\u00f3n del barrio Futuro, comprende cord\u00f3n cuneta y pavimento.<\/p>\n","protected":false},"excerpt":{"rendered":"<p>El Intendente Salazar viaj\u00f3 a Capital Federal junto al Secretario de Infraestructura y Planeamiento Alfredo Camilletti, para firmar un convenio con la Secretar\u00eda de Vivienda y H\u00e1bitat del Ministerio del Interior Obras P\u00fablicas y Vivienda de la Naci\u00f3n, que comanda Rogelio Frigerio. \u201cFirmamos un convenio con H\u00e1bitat de Naci\u00f3n en la Casa Rosada\u201d, sostuvo el [&hellip;]<\/p>\n","protected":false},"author":4,"featured_media":6357,"comment_status":"open","ping_status":"closed","sticky":false,"template":"","format":"standard","meta":{"om_disable_all_campaigns":false,"_jetpack_memberships_contains_paid_content":false,"footnotes":""},"categories":[2,102],"tags":[],"class_list":["post-16912","post","type-post","status-publish","format-standard","has-post-thumbnail","hentry","category-locales","category-politica-locales"],"aioseo_notices":[],"gutentor_comment":0,"jetpack_featured_media_url":"https:\/\/eldiariodesanpedro.com.ar\/sitio\/wp-content\/uploads\/2016\/07\/salazar.jpg","jetpack_shortlink":"https:\/\/wp.me\/p6RhLt-4oM","jetpack_sharing_enabled":true,"_links":{"self":[{"href":"https:\/\/eldiariodesanpedro.com.ar\/sitio\/wp-json\/wp\/v2\/posts\/16912","targetHints":{"allow":["GET"]}}],"collection":[{"href":"https:\/\/eldiariodesanpedro.com.ar\/sitio\/wp-json\/wp\/v2\/posts"}],"about":[{"href":"https:\/\/eldiariodesanpedro.com.ar\/sitio\/wp-json\/wp\/v2\/types\/post"}],"author":[{"embeddable":true,"href":"https:\/\/eldiariodesanpedro.com.ar\/sitio\/wp-json\/wp\/v2\/users\/4"}],"replies":[{"embeddable":true,"href":"https:\/\/eldiariodesanpedro.com.ar\/sitio\/wp-json\/wp\/v2\/comments?post=16912"}],"version-history":[{"count":1,"href":"https:\/\/eldiariodesanpedro.com.ar\/sitio\/wp-json\/wp\/v2\/posts\/16912\/revisions"}],"predecessor-version":[{"id":16914,"href":"https:\/\/eldiariodesanpedro.com.ar\/sitio\/wp-json\/wp\/v2\/posts\/16912\/revisions\/16914"}],"wp:featuredmedia":[{"embeddable":true,"href":"https:\/\/eldiariodesanpedro.com.ar\/sitio\/wp-json\/wp\/v2\/media\/6357"}],"wp:attachment":[{"href":"https:\/\/eldiariodesanpedro.com.ar\/sitio\/wp-json\/wp\/v2\/media?parent=16912"}],"wp:term":[{"taxonomy":"category","embeddable":true,"href":"https:\/\/eldiariodesanpedro.com.ar\/sitio\/wp-json\/wp\/v2\/categories?post=16912"},{"taxonomy":"post_tag","embeddable":true,"href":"https:\/\/eldiariodesanpedro.com.ar\/sitio\/wp-json\/wp\/v2\/tags?post=16912"}],"curies":[{"name":"wp","href":"https:\/\/api.w.org\/{rel}","templated":true}]}}