{"id":16911,"date":"2017-04-04T19:53:25","date_gmt":"2017-04-04T22:53:25","guid":{"rendered":"https:\/\/eldiariodesanpedro.com.ar\/sitio\/?p=16911"},"modified":"2017-04-04T19:53:25","modified_gmt":"2017-04-04T22:53:25","slug":"pavimentaron-el-ingreso-a-vuelta-de-obligado","status":"publish","type":"post","link":"https:\/\/eldiariodesanpedro.com.ar\/sitio\/pavimentaron-el-ingreso-a-vuelta-de-obligado\/","title":{"rendered":"Pavimentaron el ingreso a Vuelta de Obligado"},"content":{"rendered":"<p><!-- VideographyWP Plugin Message: Automatic video embedding prevented by plugin options. --><br \/>\nLa empresa \u201cGrupo Vial\u201d avanza para culminar las tareas sobre la alcantarilla aliviadora que sufri\u00f3 un importante da\u00f1o, hace ya pr\u00e1cticamente un a\u00f1o con el temporal que se produjo en abril del 2016. El importante caudal de agua llovido en ese entonces, produjo que el nivel del arroyo \u201cLos Cueros\u201d creciera, lo que hizo que la estructura sufrieron da\u00f1os considerables y que luego en diciembre pasado se agravara con otra fuerte tormenta.<\/p>\n<p>D\u00edas pasado se coloc\u00f3 una carpeta asf\u00e1ltica y luego de ello se habilit\u00f3 el paso. En tanto que el terrapl\u00e9n que se levant\u00f3 para el camino alternativo a\u00fan no fue quitado.<\/p>\n<p>A fines de febrero la empresa \u201cEligio Biscia\u201d termin\u00f3 la obra de hormig\u00f3n que tiene como objetivo que el puente que se encuentra a pocos metros no sufra da\u00f1os en situaciones como las ocurridas con anterioridad.<\/p>\n","protected":false},"excerpt":{"rendered":"<p>La empresa \u201cGrupo Vial\u201d avanza para culminar las tareas sobre la alcantarilla aliviadora que sufri\u00f3 un importante da\u00f1o, hace ya pr\u00e1cticamente un a\u00f1o con el temporal que se produjo en abril del 2016. El importante caudal de agua llovido en ese entonces, produjo que el nivel del arroyo \u201cLos Cueros\u201d creciera, lo que hizo que [&hellip;]<\/p>\n","protected":false},"author":4,"featured_media":13598,"comment_status":"open","ping_status":"closed","sticky":false,"template":"","format":"standard","meta":{"om_disable_all_campaigns":false,"_jetpack_memberships_contains_paid_content":false,"footnotes":""},"categories":[101,2],"tags":[],"class_list":["post-16911","post","type-post","status-publish","format-standard","has-post-thumbnail","hentry","category-interes-general-locales","category-locales"],"aioseo_notices":[],"gutentor_comment":0,"jetpack_featured_media_url":"https:\/\/eldiariodesanpedro.com.ar\/sitio\/wp-content\/uploads\/2017\/01\/las-obras-de-la-alcantarilla-de-Vta-de-Obligado.jpg","jetpack_shortlink":"https:\/\/wp.me\/p6RhLt-4oL","jetpack_sharing_enabled":true,"_links":{"self":[{"href":"https:\/\/eldiariodesanpedro.com.ar\/sitio\/wp-json\/wp\/v2\/posts\/16911","targetHints":{"allow":["GET"]}}],"collection":[{"href":"https:\/\/eldiariodesanpedro.com.ar\/sitio\/wp-json\/wp\/v2\/posts"}],"about":[{"href":"https:\/\/eldiariodesanpedro.com.ar\/sitio\/wp-json\/wp\/v2\/types\/post"}],"author":[{"embeddable":true,"href":"https:\/\/eldiariodesanpedro.com.ar\/sitio\/wp-json\/wp\/v2\/users\/4"}],"replies":[{"embeddable":true,"href":"https:\/\/eldiariodesanpedro.com.ar\/sitio\/wp-json\/wp\/v2\/comments?post=16911"}],"version-history":[{"count":1,"href":"https:\/\/eldiariodesanpedro.com.ar\/sitio\/wp-json\/wp\/v2\/posts\/16911\/revisions"}],"predecessor-version":[{"id":16913,"href":"https:\/\/eldiariodesanpedro.com.ar\/sitio\/wp-json\/wp\/v2\/posts\/16911\/revisions\/16913"}],"wp:featuredmedia":[{"embeddable":true,"href":"https:\/\/eldiariodesanpedro.com.ar\/sitio\/wp-json\/wp\/v2\/media\/13598"}],"wp:attachment":[{"href":"https:\/\/eldiariodesanpedro.com.ar\/sitio\/wp-json\/wp\/v2\/media?parent=16911"}],"wp:term":[{"taxonomy":"category","embeddable":true,"href":"https:\/\/eldiariodesanpedro.com.ar\/sitio\/wp-json\/wp\/v2\/categories?post=16911"},{"taxonomy":"post_tag","embeddable":true,"href":"https:\/\/eldiariodesanpedro.com.ar\/sitio\/wp-json\/wp\/v2\/tags?post=16911"}],"curies":[{"name":"wp","href":"https:\/\/api.w.org\/{rel}","templated":true}]}}