{"id":16908,"date":"2017-04-04T18:28:10","date_gmt":"2017-04-04T21:28:10","guid":{"rendered":"https:\/\/eldiariodesanpedro.com.ar\/sitio\/?p=16908"},"modified":"2017-04-04T18:28:10","modified_gmt":"2017-04-04T21:28:10","slug":"volver-a-disfrutar-una-batata-dulce-y-sabrosa","status":"publish","type":"post","link":"https:\/\/eldiariodesanpedro.com.ar\/sitio\/volver-a-disfrutar-una-batata-dulce-y-sabrosa\/","title":{"rendered":"Volver a disfrutar una batata dulce y sabrosa"},"content":{"rendered":"<p><!-- VideographyWP Plugin Message: Automatic video embedding prevented by plugin options. --><br \/>\nLa batata es la hortaliza t\u00edpica de nuestra zona, pero la variedad puede hacer la diferencia entre que sea un producto sabroso y disfrutable, o lo contrario. En los \u00faltimos a\u00f1os, han ingresado al mercado variedades con buen rendimiento pero pr\u00e1cticamente sin sabor. Seg\u00fan los m\u00e1s conocedores, \u00e9sta es una de las causas de la ca\u00edda del consumo, aunque tambi\u00e9n puede deberse a la situaci\u00f3n  de las hortalizas en general. <\/p>\n<p>Inspirados en esta situaci\u00f3n, y en que el INTA viene trabajando en los \u00faltimos a\u00f1os en promover el consumo de variedades elegidas por sus cualidades culinarias, el a\u00f1o pasado un grupo de productores comenz\u00f3 a transitar una experiencia que ahora se presenta. Comparten algunas caracter\u00edsticas: son peque\u00f1os productores, est\u00e1n distribuidos en el partido de San Pedro, buscan alternativas a la producci\u00f3n sin agroqu\u00edmicos, y les interesa la batata como cultivo para trabajar. <\/p>\n<p>El proceso comenz\u00f3 con la organizaci\u00f3n de un grupo de productores interesados, el an\u00e1lisis de sus posibilidades y la capacitaci\u00f3n. Luego se seleccionaron dos variedades preferidas por los consumidores por sus caracter\u00edsticas: la Morada INTA -variedad tradicional de la zona y que ha trascendido las fronteras-, y la Beauregard -registrada en el pa\u00eds hace algunos a\u00f1os y de difusi\u00f3n internacional-. Para prolongar la calidad al punto de venta, el proyecto subsidi\u00f3 la construcci\u00f3n de tres m\u00e1quinas lavadoras de batata para peque\u00f1a escala que mejoran la vida \u00fatil poscosecha ya que no lastiman la piel como las tradicionales. Se trata de un prototipo desarrollado por el Instituto para la Agricultura Familiar del INTA, cuyos planos fueron implementados por una empresa metal\u00fargica local. El grupo eligi\u00f3 un nombre, un eslogan, y acompa\u00f1ados por una dise\u00f1adora, dieron vida a Ipomea.<\/p>\n<p>Ipomea llegar\u00e1 al mercado acondicionada en bolsas de 2 kilos con una etiqueta que identifica la variedad, sus caracter\u00edsticas y algunas consideraciones sobre su cocci\u00f3n. La actividad  es acompa\u00f1ada por el INTA, Prohuerta y la Secretar\u00eda de Agricultura Familiar, en una experiencia que re\u00fane los esfuerzos de los Ministerios de Agroindustria y Desarrollo Social de la Naci\u00f3n. La misma se encuentra encuadrada en la figura de Proyecto Especial de Prohuerta, comenzados a ejecutarse en 2016.<\/p>\n<p>\u201cEn la b\u00fasqueda de revalorizar un producto que caracteriza a nuestra zona, empezamos un ciclo completo de producci\u00f3n de batata de dos variedades elegidas por su sabor y dulzura, replicamos un prototipo de lavadora para baja escala a fin de que el producto llegue sin tierra y vistoso a la venta, y creamos una identidad y modo de comercializaci\u00f3n exclusiva para garantizar el precio y aprovechamiento del producto\u201d, explican los protagonistas. <\/p>\n<p>Sobre la presentaci\u00f3n  <\/p>\n<p>El jueves 6 de abril a las 10.30 horas en la Casona 1830, de Mitre e Hip\u00f3lito Yrigoyen, se presentar\u00e1 el producto junto a minoristas, autoridades, medios de comunicaci\u00f3n y consumidores interesados en conocer la experiencia. Y despu\u00e9s de eso se pondr\u00e1 en marcha la tarea que busca hacer accesible el producto, a los consumidores locales. En el encuentro se podr\u00e1n revivir momentos del proceso desde la plantaci\u00f3n, el trabajo realizado, y el desarrollo del proyecto. Adem\u00e1s, un especialista en el cultivo describir\u00e1 las batatas, y un cocinero har\u00e1 demostraciones de alternativas de cocci\u00f3n de los productos, con su impresi\u00f3n sobre la calidad de los mismos.<\/p>\n","protected":false},"excerpt":{"rendered":"<p>La batata es la hortaliza t\u00edpica de nuestra zona, pero la variedad puede hacer la diferencia entre que sea un producto sabroso y disfrutable, o lo contrario. En los \u00faltimos a\u00f1os, han ingresado al mercado variedades con buen rendimiento pero pr\u00e1cticamente sin sabor. Seg\u00fan los m\u00e1s conocedores, \u00e9sta es una de las causas de la [&hellip;]<\/p>\n","protected":false},"author":4,"featured_media":16909,"comment_status":"open","ping_status":"closed","sticky":false,"template":"","format":"standard","meta":{"om_disable_all_campaigns":false,"_jetpack_memberships_contains_paid_content":false,"footnotes":""},"categories":[101,2],"tags":[],"class_list":["post-16908","post","type-post","status-publish","format-standard","has-post-thumbnail","hentry","category-interes-general-locales","category-locales"],"aioseo_notices":[],"gutentor_comment":0,"jetpack_featured_media_url":"https:\/\/eldiariodesanpedro.com.ar\/sitio\/wp-content\/uploads\/2017\/04\/batata-e1491341276796.jpg","jetpack_shortlink":"https:\/\/wp.me\/p6RhLt-4oI","jetpack_sharing_enabled":true,"_links":{"self":[{"href":"https:\/\/eldiariodesanpedro.com.ar\/sitio\/wp-json\/wp\/v2\/posts\/16908","targetHints":{"allow":["GET"]}}],"collection":[{"href":"https:\/\/eldiariodesanpedro.com.ar\/sitio\/wp-json\/wp\/v2\/posts"}],"about":[{"href":"https:\/\/eldiariodesanpedro.com.ar\/sitio\/wp-json\/wp\/v2\/types\/post"}],"author":[{"embeddable":true,"href":"https:\/\/eldiariodesanpedro.com.ar\/sitio\/wp-json\/wp\/v2\/users\/4"}],"replies":[{"embeddable":true,"href":"https:\/\/eldiariodesanpedro.com.ar\/sitio\/wp-json\/wp\/v2\/comments?post=16908"}],"version-history":[{"count":1,"href":"https:\/\/eldiariodesanpedro.com.ar\/sitio\/wp-json\/wp\/v2\/posts\/16908\/revisions"}],"predecessor-version":[{"id":16910,"href":"https:\/\/eldiariodesanpedro.com.ar\/sitio\/wp-json\/wp\/v2\/posts\/16908\/revisions\/16910"}],"wp:featuredmedia":[{"embeddable":true,"href":"https:\/\/eldiariodesanpedro.com.ar\/sitio\/wp-json\/wp\/v2\/media\/16909"}],"wp:attachment":[{"href":"https:\/\/eldiariodesanpedro.com.ar\/sitio\/wp-json\/wp\/v2\/media?parent=16908"}],"wp:term":[{"taxonomy":"category","embeddable":true,"href":"https:\/\/eldiariodesanpedro.com.ar\/sitio\/wp-json\/wp\/v2\/categories?post=16908"},{"taxonomy":"post_tag","embeddable":true,"href":"https:\/\/eldiariodesanpedro.com.ar\/sitio\/wp-json\/wp\/v2\/tags?post=16908"}],"curies":[{"name":"wp","href":"https:\/\/api.w.org\/{rel}","templated":true}]}}