{"id":16903,"date":"2017-04-04T14:10:36","date_gmt":"2017-04-04T17:10:36","guid":{"rendered":"https:\/\/eldiariodesanpedro.com.ar\/sitio\/?p=16903"},"modified":"2017-04-04T14:10:36","modified_gmt":"2017-04-04T17:10:36","slug":"accidente-entre-un-auto-y-una-bicicleta-conducida-por-una-nena","status":"publish","type":"post","link":"https:\/\/eldiariodesanpedro.com.ar\/sitio\/accidente-entre-un-auto-y-una-bicicleta-conducida-por-una-nena\/","title":{"rendered":"Accidente entre un auto y una bicicleta conducida por una nena"},"content":{"rendered":"<p><!-- VideographyWP Plugin Message: Automatic video embedding prevented by plugin options. --><br \/>\nEn el medio d\u00eda de hoy alrededor de las 13:00 hs en la intersecci\u00f3n de G\u00fcemes e Ituzaingo se produjo un accidente de transito entre un autom\u00f3vil Ford Focus azul que era manejado u por una mujer quien colision\u00f3 con una bicicleta en la que se dirig\u00eda una ni\u00f1a de entre 10 y 12 a\u00f1os. <\/p>\n<p>La ambulancia del servicio 107 se hizo presente en el lugar para trasladar en forma preventiva ya que a la menor que se la pudo ver caminando normalmente solo asustada por el golpe.<\/p>\n","protected":false},"excerpt":{"rendered":"<p>En el medio d\u00eda de hoy alrededor de las 13:00 hs en la intersecci\u00f3n de G\u00fcemes e Ituzaingo se produjo un accidente de transito entre un autom\u00f3vil Ford Focus azul que era manejado u por una mujer quien colision\u00f3 con una bicicleta en la que se dirig\u00eda una ni\u00f1a de entre 10 y 12 a\u00f1os. [&hellip;]<\/p>\n","protected":false},"author":4,"featured_media":16905,"comment_status":"open","ping_status":"closed","sticky":false,"template":"","format":"standard","meta":{"om_disable_all_campaigns":false,"_jetpack_memberships_contains_paid_content":false,"footnotes":""},"categories":[50,2,103],"tags":[],"class_list":["post-16903","post","type-post","status-publish","format-standard","has-post-thumbnail","hentry","category-destacadas","category-locales","category-policiales-locales"],"aioseo_notices":[],"gutentor_comment":0,"jetpack_featured_media_url":"https:\/\/eldiariodesanpedro.com.ar\/sitio\/wp-content\/uploads\/2017\/04\/IMG_20170404_130436018-e1491325722148.jpg","jetpack_shortlink":"https:\/\/wp.me\/p6RhLt-4oD","jetpack_sharing_enabled":true,"_links":{"self":[{"href":"https:\/\/eldiariodesanpedro.com.ar\/sitio\/wp-json\/wp\/v2\/posts\/16903","targetHints":{"allow":["GET"]}}],"collection":[{"href":"https:\/\/eldiariodesanpedro.com.ar\/sitio\/wp-json\/wp\/v2\/posts"}],"about":[{"href":"https:\/\/eldiariodesanpedro.com.ar\/sitio\/wp-json\/wp\/v2\/types\/post"}],"author":[{"embeddable":true,"href":"https:\/\/eldiariodesanpedro.com.ar\/sitio\/wp-json\/wp\/v2\/users\/4"}],"replies":[{"embeddable":true,"href":"https:\/\/eldiariodesanpedro.com.ar\/sitio\/wp-json\/wp\/v2\/comments?post=16903"}],"version-history":[{"count":2,"href":"https:\/\/eldiariodesanpedro.com.ar\/sitio\/wp-json\/wp\/v2\/posts\/16903\/revisions"}],"predecessor-version":[{"id":16907,"href":"https:\/\/eldiariodesanpedro.com.ar\/sitio\/wp-json\/wp\/v2\/posts\/16903\/revisions\/16907"}],"wp:featuredmedia":[{"embeddable":true,"href":"https:\/\/eldiariodesanpedro.com.ar\/sitio\/wp-json\/wp\/v2\/media\/16905"}],"wp:attachment":[{"href":"https:\/\/eldiariodesanpedro.com.ar\/sitio\/wp-json\/wp\/v2\/media?parent=16903"}],"wp:term":[{"taxonomy":"category","embeddable":true,"href":"https:\/\/eldiariodesanpedro.com.ar\/sitio\/wp-json\/wp\/v2\/categories?post=16903"},{"taxonomy":"post_tag","embeddable":true,"href":"https:\/\/eldiariodesanpedro.com.ar\/sitio\/wp-json\/wp\/v2\/tags?post=16903"}],"curies":[{"name":"wp","href":"https:\/\/api.w.org\/{rel}","templated":true}]}}