{"id":16899,"date":"2017-04-04T09:49:49","date_gmt":"2017-04-04T12:49:49","guid":{"rendered":"https:\/\/eldiariodesanpedro.com.ar\/sitio\/?p=16899"},"modified":"2017-04-04T09:51:33","modified_gmt":"2017-04-04T12:51:33","slug":"las-nuevas-camaras-y-el-centro-de-monitoreo-ya-estan-en-marcha","status":"publish","type":"post","link":"https:\/\/eldiariodesanpedro.com.ar\/sitio\/las-nuevas-camaras-y-el-centro-de-monitoreo-ya-estan-en-marcha\/","title":{"rendered":"Las nuevas c\u00e1maras y el centro de monitoreo ya est\u00e1n en marcha"},"content":{"rendered":"<p><!-- VideographyWP Plugin Message: Automatic video embedding prevented by plugin options. --><br \/>\nEn d\u00edas pasados estuvimos con Hern\u00e1n Contreras, Director de Mordernizaci\u00f3n de la Municipalidad de San Pedro, con quien dialogamos acerca de la instalaci\u00f3n de c\u00e1maras de seguridad de \u00faltima tecnolog\u00eda en nuestra ciudad y en algunos caminos que se dirigen hacia las localidades aleda\u00f1as. Dicho proyecto se llevar\u00e1 a cabo gracias al convenio que se ha firmado con la empresa Fiber Corp, la cual mediante un lapso no mayor a noventa d\u00edas se encargar\u00e1 de realizar la instalaci\u00f3n de cuarenta y tres puntos donde habr\u00e1 c\u00e1maras de seguridad, diecis\u00e9is de las cuales ya existen pero la empresa las reacondicionar\u00e1, ya sea reemplazando las c\u00e1maras da\u00f1adas o los enlaces.<\/p>\n<p>  \u00abLa comunicaci\u00f3n entre las c\u00e1maras y el centro de grabaci\u00f3n principal va a ser por fibra \u00f3ptica, una mejora respecto del esquema anterior que era principalmente por radio enlaces\u00bb, a\u00f1adi\u00f3 el director.<\/p>\n<p>  Asimismo, este proyecto incluye el reacomodamiento del COM (Centro Operativo de Monitoreo) mediante la instalaci\u00f3n de nuevos televisores, monitores y estaciones de monitoreo que ser\u00e1n dirigidas y controladas por una determinada cantidad de operadores, a los cuales se los ir\u00e1 capacitando a trav\u00e9s de cursos, como as\u00ed tambi\u00e9n a los administradores.<\/p>\n<p>  Adem\u00e1s, se incluir\u00e1 la instalaci\u00f3n de un servidor de back up, es decir, una copia de respaldo de toda la informaci\u00f3n que se almacena, la cual se encontrar\u00e1 en un lugar remoto por meras cuestiones de seguridad.<\/p>\n<p>  Ademas se llevaron a cabo capacitaciones en el centro de monitoreo para quienes ser\u00e1n los operadores y\/o administradores, teniendo en cuenta que utilizaran un software diferente al que ven\u00edan utilizando. En un principio serian 6 los operadores pero ese numero se incrementara seg\u00fan lo determine el Secretaria de Seguridad y la Direcci\u00f3n de Personal.<\/p>\n<p>  Por otra parte, el Director de Modernizaci\u00f3n habl\u00f3 tambi\u00e9n acerca del SEM (Sistema de Estacionamiento Medido): \u00abFue un acierto de mi antecesor en el cargo de impulsar este proyecto ya que colabor\u00f3 con el ordenamiento del tr\u00e1nsito de la ciudad.\u00bb Tras haber asumido el cargo y junto con su equipo, se propuso como objetivo tratar de entregarle el mando y la operaci\u00f3n de cada proyecto en particular al \u00e1rea espec\u00edfica; como por ejemplo el SEM, que entendieron que corresponde exclusiva y definitivamente a la Direcci\u00f3n de Tr\u00e1nsito y Nocturnidad, dirigida por \u00c1ngel Burgos, que tiene como facultad controlar a diario la v\u00eda p\u00fablica, emitir las infracciones, entre otras tareas.<\/p>\n<p>  A partir del uso y de la experiencia del uso del ya mencionado sistema, fueron posibles peque\u00f1as pero productivas correcciones y mejoras, tales como la actualizaci\u00f3n de la p\u00e1gina web (www.sanpedro.gov.ar\/sem) y el lanzamiento de nueva folleter\u00eda con la informaci\u00f3n actualizada.<br \/>\n  \u00abEl sistema se est\u00e1 utilizando, la poblaci\u00f3n lo valora, as\u00ed que seguiremos d\u00e1ndole apoyo al \u00e1rea de tr\u00e1nsito y nocturnidad en todo lo que respecte al \u00e1mbito de modernizaci\u00f3n para que siga funcionando como hasta ahora\u00bb, concluy\u00f3 el Director de Modernizaci\u00f3n. <\/p>\n","protected":false},"excerpt":{"rendered":"<p>En d\u00edas pasados estuvimos con Hern\u00e1n Contreras, Director de Mordernizaci\u00f3n de la Municipalidad de San Pedro, con quien dialogamos acerca de la instalaci\u00f3n de c\u00e1maras de seguridad de \u00faltima tecnolog\u00eda en nuestra ciudad y en algunos caminos que se dirigen hacia las localidades aleda\u00f1as. Dicho proyecto se llevar\u00e1 a cabo gracias al convenio que se [&hellip;]<\/p>\n","protected":false},"author":4,"featured_media":16900,"comment_status":"open","ping_status":"closed","sticky":false,"template":"","format":"standard","meta":{"om_disable_all_campaigns":false,"_jetpack_memberships_contains_paid_content":false,"footnotes":""},"categories":[50,101,2],"tags":[],"class_list":["post-16899","post","type-post","status-publish","format-standard","has-post-thumbnail","hentry","category-destacadas","category-interes-general-locales","category-locales"],"aioseo_notices":[],"gutentor_comment":0,"jetpack_featured_media_url":"https:\/\/eldiariodesanpedro.com.ar\/sitio\/wp-content\/uploads\/2017\/04\/Hernan-Contreras.png","jetpack_shortlink":"https:\/\/wp.me\/p6RhLt-4oz","jetpack_sharing_enabled":true,"_links":{"self":[{"href":"https:\/\/eldiariodesanpedro.com.ar\/sitio\/wp-json\/wp\/v2\/posts\/16899","targetHints":{"allow":["GET"]}}],"collection":[{"href":"https:\/\/eldiariodesanpedro.com.ar\/sitio\/wp-json\/wp\/v2\/posts"}],"about":[{"href":"https:\/\/eldiariodesanpedro.com.ar\/sitio\/wp-json\/wp\/v2\/types\/post"}],"author":[{"embeddable":true,"href":"https:\/\/eldiariodesanpedro.com.ar\/sitio\/wp-json\/wp\/v2\/users\/4"}],"replies":[{"embeddable":true,"href":"https:\/\/eldiariodesanpedro.com.ar\/sitio\/wp-json\/wp\/v2\/comments?post=16899"}],"version-history":[{"count":2,"href":"https:\/\/eldiariodesanpedro.com.ar\/sitio\/wp-json\/wp\/v2\/posts\/16899\/revisions"}],"predecessor-version":[{"id":16902,"href":"https:\/\/eldiariodesanpedro.com.ar\/sitio\/wp-json\/wp\/v2\/posts\/16899\/revisions\/16902"}],"wp:featuredmedia":[{"embeddable":true,"href":"https:\/\/eldiariodesanpedro.com.ar\/sitio\/wp-json\/wp\/v2\/media\/16900"}],"wp:attachment":[{"href":"https:\/\/eldiariodesanpedro.com.ar\/sitio\/wp-json\/wp\/v2\/media?parent=16899"}],"wp:term":[{"taxonomy":"category","embeddable":true,"href":"https:\/\/eldiariodesanpedro.com.ar\/sitio\/wp-json\/wp\/v2\/categories?post=16899"},{"taxonomy":"post_tag","embeddable":true,"href":"https:\/\/eldiariodesanpedro.com.ar\/sitio\/wp-json\/wp\/v2\/tags?post=16899"}],"curies":[{"name":"wp","href":"https:\/\/api.w.org\/{rel}","templated":true}]}}