{"id":16895,"date":"2017-04-04T08:19:25","date_gmt":"2017-04-04T11:19:25","guid":{"rendered":"https:\/\/eldiariodesanpedro.com.ar\/sitio\/?p=16895"},"modified":"2017-04-04T08:22:23","modified_gmt":"2017-04-04T11:22:23","slug":"un-mujer-tuvo-privado-de-la-libertad-a-su-esposo","status":"publish","type":"post","link":"https:\/\/eldiariodesanpedro.com.ar\/sitio\/un-mujer-tuvo-privado-de-la-libertad-a-su-esposo\/","title":{"rendered":"Un mujer tuvo privado de la libertad a su pareja"},"content":{"rendered":"<p><!-- VideographyWP Plugin Message: Automatic video embedding prevented by plugin options. --><br \/>\nEn el d\u00eda de ayer alrededor de las 13:00 hs a ra\u00edz de un llamado al servicio 101 se dirigi\u00f3 personal de la comisar\u00eda local al domicilio ubicado en calle Riobamba 1055 donde se procedi\u00f3 a la aprehensi\u00f3n de una mujer que ten\u00eda secuestrado a su pareja en el interior de la casa amenaz\u00e1ndolo con unas tijeras. <\/p>\n<p>La mujer quien hab\u00eda roto varias pertenencias de su novio incluido un instrumento musical,  se entreg\u00f3 luego de mantener comunicaci\u00f3n telef\u00f3nica con agente de la fiscalia, siendo trasladada a la comisar\u00eda local para luego presentarse en la sede local. <\/p>\n","protected":false},"excerpt":{"rendered":"<p>En el d\u00eda de ayer alrededor de las 13:00 hs a ra\u00edz de un llamado al servicio 101 se dirigi\u00f3 personal de la comisar\u00eda local al domicilio ubicado en calle Riobamba 1055 donde se procedi\u00f3 a la aprehensi\u00f3n de una mujer que ten\u00eda secuestrado a su pareja en el interior de la casa amenaz\u00e1ndolo con [&hellip;]<\/p>\n","protected":false},"author":4,"featured_media":13370,"comment_status":"open","ping_status":"closed","sticky":false,"template":"","format":"standard","meta":{"om_disable_all_campaigns":false,"_jetpack_memberships_contains_paid_content":false,"footnotes":""},"categories":[2,103],"tags":[],"class_list":["post-16895","post","type-post","status-publish","format-standard","has-post-thumbnail","hentry","category-locales","category-policiales-locales"],"aioseo_notices":[],"gutentor_comment":0,"jetpack_featured_media_url":"https:\/\/eldiariodesanpedro.com.ar\/sitio\/wp-content\/uploads\/2017\/01\/Patrulla-2-e1485286083962.jpg","jetpack_shortlink":"https:\/\/wp.me\/p6RhLt-4ov","jetpack_sharing_enabled":true,"_links":{"self":[{"href":"https:\/\/eldiariodesanpedro.com.ar\/sitio\/wp-json\/wp\/v2\/posts\/16895","targetHints":{"allow":["GET"]}}],"collection":[{"href":"https:\/\/eldiariodesanpedro.com.ar\/sitio\/wp-json\/wp\/v2\/posts"}],"about":[{"href":"https:\/\/eldiariodesanpedro.com.ar\/sitio\/wp-json\/wp\/v2\/types\/post"}],"author":[{"embeddable":true,"href":"https:\/\/eldiariodesanpedro.com.ar\/sitio\/wp-json\/wp\/v2\/users\/4"}],"replies":[{"embeddable":true,"href":"https:\/\/eldiariodesanpedro.com.ar\/sitio\/wp-json\/wp\/v2\/comments?post=16895"}],"version-history":[{"count":3,"href":"https:\/\/eldiariodesanpedro.com.ar\/sitio\/wp-json\/wp\/v2\/posts\/16895\/revisions"}],"predecessor-version":[{"id":16898,"href":"https:\/\/eldiariodesanpedro.com.ar\/sitio\/wp-json\/wp\/v2\/posts\/16895\/revisions\/16898"}],"wp:featuredmedia":[{"embeddable":true,"href":"https:\/\/eldiariodesanpedro.com.ar\/sitio\/wp-json\/wp\/v2\/media\/13370"}],"wp:attachment":[{"href":"https:\/\/eldiariodesanpedro.com.ar\/sitio\/wp-json\/wp\/v2\/media?parent=16895"}],"wp:term":[{"taxonomy":"category","embeddable":true,"href":"https:\/\/eldiariodesanpedro.com.ar\/sitio\/wp-json\/wp\/v2\/categories?post=16895"},{"taxonomy":"post_tag","embeddable":true,"href":"https:\/\/eldiariodesanpedro.com.ar\/sitio\/wp-json\/wp\/v2\/tags?post=16895"}],"curies":[{"name":"wp","href":"https:\/\/api.w.org\/{rel}","templated":true}]}}