{"id":16891,"date":"2017-04-04T08:03:15","date_gmt":"2017-04-04T11:03:15","guid":{"rendered":"https:\/\/eldiariodesanpedro.com.ar\/sitio\/?p=16891"},"modified":"2017-04-04T08:06:24","modified_gmt":"2017-04-04T11:06:24","slug":"fallecio-la-mujer-que-se-prendio-fuego-con-alcohol","status":"publish","type":"post","link":"https:\/\/eldiariodesanpedro.com.ar\/sitio\/fallecio-la-mujer-que-se-prendio-fuego-con-alcohol\/","title":{"rendered":"Falleci\u00f3 la mujer que se prendi\u00f3 fuego con alcohol"},"content":{"rendered":"<p><!-- VideographyWP Plugin Message: Automatic video embedding prevented by plugin options. --><br \/>\nHace unos d\u00edas atr\u00e1s hab\u00eda ingresado a la guardia del hospital una mujer de 47 a\u00f1os de edad con m\u00e1s del 80% del cuerpo quemado, tambi\u00e9n ingreso su esposo con quemaduras en su brazo izquierdo y su t\u00f3rax. La mujer estar\u00eda siendo tratada por problemas psiqui\u00e1tricos y hab\u00eda  sido ella quien se rocio con alcohol y prendiendose fuego luego de una discusi\u00f3n con su esposo. <\/p>\n<p>Debido a la gravedad de las quemadura Sandra Cnokaert fue traslada a una cl\u00ednica de alta complejidad en el partido de La Ferrere quienes informaron que pasadas las 21:00 hs habr\u00eda fallecido debido a su delicado estado de salud. <\/p>\n<p>Los dichos fueron corroborados por una hija de Cnokaert, el testimonio fue fundamental para descartar otras l\u00edneas de hip\u00f3tesis.<\/p>\n<p>El Fiscal Hern\u00e1n Granda, quien est\u00e1 surrogando La UFI N\u00b0 11 caratul\u00f3 el hecho como \u201clesiones graves\u201d.<\/p>\n","protected":false},"excerpt":{"rendered":"<p>Hace unos d\u00edas atr\u00e1s hab\u00eda ingresado a la guardia del hospital una mujer de 47 a\u00f1os de edad con m\u00e1s del 80% del cuerpo quemado, tambi\u00e9n ingreso su esposo con quemaduras en su brazo izquierdo y su t\u00f3rax. La mujer estar\u00eda siendo tratada por problemas psiqui\u00e1tricos y hab\u00eda sido ella quien se rocio con alcohol [&hellip;]<\/p>\n","protected":false},"author":4,"featured_media":2624,"comment_status":"open","ping_status":"closed","sticky":false,"template":"","format":"standard","meta":{"om_disable_all_campaigns":false,"_jetpack_memberships_contains_paid_content":false,"footnotes":""},"categories":[50,2,103],"tags":[],"class_list":["post-16891","post","type-post","status-publish","format-standard","has-post-thumbnail","hentry","category-destacadas","category-locales","category-policiales-locales"],"aioseo_notices":[],"gutentor_comment":0,"jetpack_featured_media_url":"https:\/\/eldiariodesanpedro.com.ar\/sitio\/wp-content\/uploads\/2016\/04\/guardia.jpg","jetpack_shortlink":"https:\/\/wp.me\/p6RhLt-4or","jetpack_sharing_enabled":true,"_links":{"self":[{"href":"https:\/\/eldiariodesanpedro.com.ar\/sitio\/wp-json\/wp\/v2\/posts\/16891","targetHints":{"allow":["GET"]}}],"collection":[{"href":"https:\/\/eldiariodesanpedro.com.ar\/sitio\/wp-json\/wp\/v2\/posts"}],"about":[{"href":"https:\/\/eldiariodesanpedro.com.ar\/sitio\/wp-json\/wp\/v2\/types\/post"}],"author":[{"embeddable":true,"href":"https:\/\/eldiariodesanpedro.com.ar\/sitio\/wp-json\/wp\/v2\/users\/4"}],"replies":[{"embeddable":true,"href":"https:\/\/eldiariodesanpedro.com.ar\/sitio\/wp-json\/wp\/v2\/comments?post=16891"}],"version-history":[{"count":3,"href":"https:\/\/eldiariodesanpedro.com.ar\/sitio\/wp-json\/wp\/v2\/posts\/16891\/revisions"}],"predecessor-version":[{"id":16894,"href":"https:\/\/eldiariodesanpedro.com.ar\/sitio\/wp-json\/wp\/v2\/posts\/16891\/revisions\/16894"}],"wp:featuredmedia":[{"embeddable":true,"href":"https:\/\/eldiariodesanpedro.com.ar\/sitio\/wp-json\/wp\/v2\/media\/2624"}],"wp:attachment":[{"href":"https:\/\/eldiariodesanpedro.com.ar\/sitio\/wp-json\/wp\/v2\/media?parent=16891"}],"wp:term":[{"taxonomy":"category","embeddable":true,"href":"https:\/\/eldiariodesanpedro.com.ar\/sitio\/wp-json\/wp\/v2\/categories?post=16891"},{"taxonomy":"post_tag","embeddable":true,"href":"https:\/\/eldiariodesanpedro.com.ar\/sitio\/wp-json\/wp\/v2\/tags?post=16891"}],"curies":[{"name":"wp","href":"https:\/\/api.w.org\/{rel}","templated":true}]}}