{"id":16876,"date":"2017-04-03T20:53:52","date_gmt":"2017-04-03T23:53:52","guid":{"rendered":"https:\/\/eldiariodesanpedro.com.ar\/sitio\/?p=16876"},"modified":"2026-01-24T00:26:46","modified_gmt":"2026-01-24T03:26:46","slug":"charla-sobre-nutricion-la-brindo-la-lic-melina-laiz-en-el-club-pescadores","status":"publish","type":"post","link":"https:\/\/eldiariodesanpedro.com.ar\/sitio\/charla-sobre-nutricion-la-brindo-la-lic-melina-laiz-en-el-club-pescadores\/","title":{"rendered":"CHARLA SOBRE NUTRICI\u00d3N: La brind\u00f3 la Lic. Melina Laiz en el Club Pescadores"},"content":{"rendered":"<p><!-- VideographyWP Plugin Message: Automatic video embedding prevented by plugin options. --><br \/>\n  En la noche del pasado viernes se realiz\u00f3 la primera charla, de un total de cuatro, sobre nutrici\u00f3n y deporte, a cargo de la Licenciada en nutrici\u00f3n Melina Laiz. Treinta nadadores y sus familias compartieron una charla introductoria a la nutrici\u00f3n y su relaci\u00f3n con la edad, el crecimiento y desarrollo, y la actividad deportiva.<\/p>\n<p>  En pr\u00f3ximas charlas se tocar\u00e1n temas como alimentaci\u00f3n pre-competencia, alimentaci\u00f3n durante el entrenamiento, alimentaci\u00f3n post-competencia y entrenamiento, etc.<\/p>\n","protected":false},"excerpt":{"rendered":"<p>En la noche del pasado viernes se realiz\u00f3 la primera charla, de un total de cuatro, sobre nutrici\u00f3n y deporte, a cargo de la Licenciada en nutrici\u00f3n Melina Laiz. Treinta nadadores y sus familias compartieron una charla introductoria a la nutrici\u00f3n y su relaci\u00f3n con la edad, el crecimiento y desarrollo, y la actividad deportiva. [&hellip;]<\/p>\n","protected":false},"author":4,"featured_media":16877,"comment_status":"open","ping_status":"closed","sticky":false,"template":"","format":"standard","meta":{"om_disable_all_campaigns":false,"_jetpack_memberships_contains_paid_content":false,"footnotes":""},"categories":[5],"tags":[],"class_list":["post-16876","post","type-post","status-publish","format-standard","has-post-thumbnail","hentry","category-deportes"],"aioseo_notices":[],"gutentor_comment":0,"jetpack_featured_media_url":"https:\/\/eldiariodesanpedro.com.ar\/sitio\/wp-content\/uploads\/2017\/04\/Atento-el-auditorium-en-la-charla-de-la-Licenciada-Laiz.jpg","jetpack_shortlink":"https:\/\/wp.me\/p6RhLt-4oc","jetpack_sharing_enabled":true,"_links":{"self":[{"href":"https:\/\/eldiariodesanpedro.com.ar\/sitio\/wp-json\/wp\/v2\/posts\/16876","targetHints":{"allow":["GET"]}}],"collection":[{"href":"https:\/\/eldiariodesanpedro.com.ar\/sitio\/wp-json\/wp\/v2\/posts"}],"about":[{"href":"https:\/\/eldiariodesanpedro.com.ar\/sitio\/wp-json\/wp\/v2\/types\/post"}],"author":[{"embeddable":true,"href":"https:\/\/eldiariodesanpedro.com.ar\/sitio\/wp-json\/wp\/v2\/users\/4"}],"replies":[{"embeddable":true,"href":"https:\/\/eldiariodesanpedro.com.ar\/sitio\/wp-json\/wp\/v2\/comments?post=16876"}],"version-history":[{"count":1,"href":"https:\/\/eldiariodesanpedro.com.ar\/sitio\/wp-json\/wp\/v2\/posts\/16876\/revisions"}],"predecessor-version":[{"id":16879,"href":"https:\/\/eldiariodesanpedro.com.ar\/sitio\/wp-json\/wp\/v2\/posts\/16876\/revisions\/16879"}],"wp:featuredmedia":[{"embeddable":true,"href":"https:\/\/eldiariodesanpedro.com.ar\/sitio\/wp-json\/wp\/v2\/media\/16877"}],"wp:attachment":[{"href":"https:\/\/eldiariodesanpedro.com.ar\/sitio\/wp-json\/wp\/v2\/media?parent=16876"}],"wp:term":[{"taxonomy":"category","embeddable":true,"href":"https:\/\/eldiariodesanpedro.com.ar\/sitio\/wp-json\/wp\/v2\/categories?post=16876"},{"taxonomy":"post_tag","embeddable":true,"href":"https:\/\/eldiariodesanpedro.com.ar\/sitio\/wp-json\/wp\/v2\/tags?post=16876"}],"curies":[{"name":"wp","href":"https:\/\/api.w.org\/{rel}","templated":true}]}}