{"id":16873,"date":"2017-04-03T19:31:49","date_gmt":"2017-04-03T22:31:49","guid":{"rendered":"https:\/\/eldiariodesanpedro.com.ar\/sitio\/?p=16873"},"modified":"2017-04-03T19:31:49","modified_gmt":"2017-04-03T22:31:49","slug":"el-drama-de-los-comercios-vacios-en-san-nicolas","status":"publish","type":"post","link":"https:\/\/eldiariodesanpedro.com.ar\/sitio\/el-drama-de-los-comercios-vacios-en-san-nicolas\/","title":{"rendered":"El drama de los comercios vac\u00edos en San Nicol\u00e1s"},"content":{"rendered":"<p><!-- VideographyWP Plugin Message: Automatic video embedding prevented by plugin options. --><br \/>\nLa sensaci\u00f3n al recorrer el centro es que hay muchos m\u00e1s locales comerciales vac\u00edos, que se han desocupado y no se renovaron con nuevos comercios. Al menos se ven estos locales vac\u00edos en d\u00f3nde hasta hace poco hab\u00eda comercios importantes. Y se siente la demora en volver a ocuparse. Una segunda sensaci\u00f3n es que en los que siguen funcionando hay \u201cpoca gente\u201d. No se ve esa vor\u00e1gine del consumo, esa presencia de clientes recorriendo varios comercios con bolsas de cada uno de los lugares visitados. Y sin lugar dudas el primer hecho que debe ocurrir en un local comercial para concretar una venta es que el cliente \u201centre\u201d al negocio. Esto no nos asegura la venta, pero es el primer paso. El cliente que ingresa tiene alg\u00fan inter\u00e9s. Ha visto, tiene una necesidad. Viene a averiguar o a comprar. Si lo que averigua le cierra compra. <\/p>\n<p>  Claro esta ecuaci\u00f3n cambia seg\u00fan el tipo de comercio. En una farmacia o supermercado seguramente el cliente que ingres\u00f3 compra. Puede no hacerlo s\u00f3lo en el caso de que no haya lo que necesita. La estad\u00edstica comienza a perder eficiencia si se trata de negocios de ropa. Calzado, o decoraci\u00f3n. Ayer el \u00edndice de \u201cefectivizaci\u00f3n de la compra\u201d seguramente es inferior. Ahora e insistiendo, para que se concrete una venta (salvo que el negocio tambi\u00e9n operara por internet) el cliente debe entrar en el local.<\/p>\n<p>  Ayer EL NORTE teniendo en cuenta que era 1 de abril- y mucha gente cobr\u00f3- que era s\u00e1bado, d\u00eda en el que a media ma\u00f1ana la gente sale a hacer compras, era efectivamente el mediod\u00eda \u2013 fecha en la que se suele encontrar mucha gente en los negocios, se realiz\u00f3 un relevamiento en la zona sur. Se recorri\u00f3 el sector que se presenta por variedad de comercios y movimiento como \u201cotro centro\u201d y en el que se han realizado incluso propuestas para disfrutar del paseo de compras. <\/p>\n<p>  Se relevaron 32 comercios que van desde farmacias hasta supermercados. De los 32 solo hab\u00eda clientes en 8 y de estos ocho dos eran supermercados. En los seis restantes s\u00f3lo hab\u00eda una persona. Esto fue verificado pasadas las doce de ayer, horario que tradicionalmente es de concentraci\u00f3n de clientes. <\/p>\n<p>  Por la tarde cerca de las 18 hs. repetimos la recorrida y se verific\u00f3 una situaci\u00f3n similar. Es decir que el 75% de los comercios estaban vac\u00edos. (No necesariamente los mismos). Con negocios vac\u00edos no hay ventas. <\/p>\n<p>  Consultados, algunos de los comerciantes involucrados reconocieron que la situaci\u00f3n est\u00e1 dif\u00edcil y sigue sin \u201cremontar\u201d. La esperanza es lo \u00faltimo que se pierde, pero la paciencia y el dinero se van antes. La situaci\u00f3n de muchos comerciantes es en este sentido, muy complicada. <\/p>\n","protected":false},"excerpt":{"rendered":"<p>La sensaci\u00f3n al recorrer el centro es que hay muchos m\u00e1s locales comerciales vac\u00edos, que se han desocupado y no se renovaron con nuevos comercios. Al menos se ven estos locales vac\u00edos en d\u00f3nde hasta hace poco hab\u00eda comercios importantes. Y se siente la demora en volver a ocuparse. Una segunda sensaci\u00f3n es que en [&hellip;]<\/p>\n","protected":false},"author":4,"featured_media":16874,"comment_status":"open","ping_status":"closed","sticky":false,"template":"","format":"standard","meta":{"om_disable_all_campaigns":false,"_jetpack_memberships_contains_paid_content":false,"footnotes":""},"categories":[621],"tags":[],"class_list":["post-16873","post","type-post","status-publish","format-standard","has-post-thumbnail","hentry","category-regionales"],"aioseo_notices":[],"gutentor_comment":0,"jetpack_featured_media_url":"https:\/\/eldiariodesanpedro.com.ar\/sitio\/wp-content\/uploads\/2017\/04\/comercios-vacios.jpg","jetpack_shortlink":"https:\/\/wp.me\/p6RhLt-4o9","jetpack_sharing_enabled":true,"_links":{"self":[{"href":"https:\/\/eldiariodesanpedro.com.ar\/sitio\/wp-json\/wp\/v2\/posts\/16873","targetHints":{"allow":["GET"]}}],"collection":[{"href":"https:\/\/eldiariodesanpedro.com.ar\/sitio\/wp-json\/wp\/v2\/posts"}],"about":[{"href":"https:\/\/eldiariodesanpedro.com.ar\/sitio\/wp-json\/wp\/v2\/types\/post"}],"author":[{"embeddable":true,"href":"https:\/\/eldiariodesanpedro.com.ar\/sitio\/wp-json\/wp\/v2\/users\/4"}],"replies":[{"embeddable":true,"href":"https:\/\/eldiariodesanpedro.com.ar\/sitio\/wp-json\/wp\/v2\/comments?post=16873"}],"version-history":[{"count":1,"href":"https:\/\/eldiariodesanpedro.com.ar\/sitio\/wp-json\/wp\/v2\/posts\/16873\/revisions"}],"predecessor-version":[{"id":16875,"href":"https:\/\/eldiariodesanpedro.com.ar\/sitio\/wp-json\/wp\/v2\/posts\/16873\/revisions\/16875"}],"wp:featuredmedia":[{"embeddable":true,"href":"https:\/\/eldiariodesanpedro.com.ar\/sitio\/wp-json\/wp\/v2\/media\/16874"}],"wp:attachment":[{"href":"https:\/\/eldiariodesanpedro.com.ar\/sitio\/wp-json\/wp\/v2\/media?parent=16873"}],"wp:term":[{"taxonomy":"category","embeddable":true,"href":"https:\/\/eldiariodesanpedro.com.ar\/sitio\/wp-json\/wp\/v2\/categories?post=16873"},{"taxonomy":"post_tag","embeddable":true,"href":"https:\/\/eldiariodesanpedro.com.ar\/sitio\/wp-json\/wp\/v2\/tags?post=16873"}],"curies":[{"name":"wp","href":"https:\/\/api.w.org\/{rel}","templated":true}]}}