{"id":16870,"date":"2017-04-03T19:20:11","date_gmt":"2017-04-03T22:20:11","guid":{"rendered":"https:\/\/eldiariodesanpedro.com.ar\/sitio\/?p=16870"},"modified":"2017-04-03T19:20:11","modified_gmt":"2017-04-03T22:20:11","slug":"san-andres-de-giles-tendra-una-audiencia-publica-sobre-el-uso-de-agroquimicos","status":"publish","type":"post","link":"https:\/\/eldiariodesanpedro.com.ar\/sitio\/san-andres-de-giles-tendra-una-audiencia-publica-sobre-el-uso-de-agroquimicos\/","title":{"rendered":"San Andr\u00e9s de Giles tendr\u00e1 una Audiencia P\u00fablica sobre el uso de agroqu\u00edmicos"},"content":{"rendered":"<p><!-- VideographyWP Plugin Message: Automatic video embedding prevented by plugin options. --><br \/>\n  Despu\u00e9s de las denuncias sobre fumigaciones cerca de la Escuela N\u00b0 21 \u201cJoaqu\u00edn V. Gonzalez\u201d y dem\u00e1s testimonios que advirtieron sobre las graves consecuencias del uso de agroqu\u00edmicos, la vecina ciudad protagonizar\u00e1 una Audiencia P\u00fablica para debatir sobre la legislaci\u00f3n que regular\u00e1 la problem\u00e1tica.<\/p>\n<p>  La Audiencia P\u00fablica se llevar\u00e1 a cabo el viernes 7 de abril a las 18:00 en el Recinto de Sesiones H\u00e9ctor J. C\u00e1mpora del Honorable Concejo Deliberante, San Mart\u00edn 888. Para asistir como participante, los vecinos interesados deber\u00e1n inscribirse en el HCD con requisitos m\u00ednimos como DNI, direcci\u00f3n y presentaci\u00f3n del tema. Tienen tiempo hasta el s\u00e1bado 2 de abril para registrarse. Adem\u00e1s, est\u00e1n invitados todos los que quieran concurrir como p\u00fablico.<\/p>\n<p>  Los expositores presentados por el grupo Ambiente Saludable San Andr\u00e9s de Giles son especialistas e investigadores de distintos puntos del pa\u00eds que se acercar\u00e1n para informar a la comunidad sobre los agroqu\u00edmicos y sus efectos en la salud y el ambiente. (Fuente: Info Ciudad SAG)<\/p>\n","protected":false},"excerpt":{"rendered":"<p>Despu\u00e9s de las denuncias sobre fumigaciones cerca de la Escuela N\u00b0 21 \u201cJoaqu\u00edn V. Gonzalez\u201d y dem\u00e1s testimonios que advirtieron sobre las graves consecuencias del uso de agroqu\u00edmicos, la vecina ciudad protagonizar\u00e1 una Audiencia P\u00fablica para debatir sobre la legislaci\u00f3n que regular\u00e1 la problem\u00e1tica. La Audiencia P\u00fablica se llevar\u00e1 a cabo el viernes 7 de [&hellip;]<\/p>\n","protected":false},"author":4,"featured_media":16871,"comment_status":"open","ping_status":"closed","sticky":false,"template":"","format":"standard","meta":{"om_disable_all_campaigns":false,"_jetpack_memberships_contains_paid_content":false,"footnotes":""},"categories":[621],"tags":[],"class_list":["post-16870","post","type-post","status-publish","format-standard","has-post-thumbnail","hentry","category-regionales"],"aioseo_notices":[],"gutentor_comment":0,"jetpack_featured_media_url":"https:\/\/eldiariodesanpedro.com.ar\/sitio\/wp-content\/uploads\/2017\/04\/avion-fumigador.jpg","jetpack_shortlink":"https:\/\/wp.me\/p6RhLt-4o6","jetpack_sharing_enabled":true,"_links":{"self":[{"href":"https:\/\/eldiariodesanpedro.com.ar\/sitio\/wp-json\/wp\/v2\/posts\/16870","targetHints":{"allow":["GET"]}}],"collection":[{"href":"https:\/\/eldiariodesanpedro.com.ar\/sitio\/wp-json\/wp\/v2\/posts"}],"about":[{"href":"https:\/\/eldiariodesanpedro.com.ar\/sitio\/wp-json\/wp\/v2\/types\/post"}],"author":[{"embeddable":true,"href":"https:\/\/eldiariodesanpedro.com.ar\/sitio\/wp-json\/wp\/v2\/users\/4"}],"replies":[{"embeddable":true,"href":"https:\/\/eldiariodesanpedro.com.ar\/sitio\/wp-json\/wp\/v2\/comments?post=16870"}],"version-history":[{"count":1,"href":"https:\/\/eldiariodesanpedro.com.ar\/sitio\/wp-json\/wp\/v2\/posts\/16870\/revisions"}],"predecessor-version":[{"id":16872,"href":"https:\/\/eldiariodesanpedro.com.ar\/sitio\/wp-json\/wp\/v2\/posts\/16870\/revisions\/16872"}],"wp:featuredmedia":[{"embeddable":true,"href":"https:\/\/eldiariodesanpedro.com.ar\/sitio\/wp-json\/wp\/v2\/media\/16871"}],"wp:attachment":[{"href":"https:\/\/eldiariodesanpedro.com.ar\/sitio\/wp-json\/wp\/v2\/media?parent=16870"}],"wp:term":[{"taxonomy":"category","embeddable":true,"href":"https:\/\/eldiariodesanpedro.com.ar\/sitio\/wp-json\/wp\/v2\/categories?post=16870"},{"taxonomy":"post_tag","embeddable":true,"href":"https:\/\/eldiariodesanpedro.com.ar\/sitio\/wp-json\/wp\/v2\/tags?post=16870"}],"curies":[{"name":"wp","href":"https:\/\/api.w.org\/{rel}","templated":true}]}}