{"id":16867,"date":"2017-04-03T19:17:54","date_gmt":"2017-04-03T22:17:54","guid":{"rendered":"https:\/\/eldiariodesanpedro.com.ar\/sitio\/?p=16867"},"modified":"2017-04-03T19:17:54","modified_gmt":"2017-04-03T22:17:54","slug":"cuenca-arrecifes-comenzo-la-colocacion-de-las-reglas-limnimetricas","status":"publish","type":"post","link":"https:\/\/eldiariodesanpedro.com.ar\/sitio\/cuenca-arrecifes-comenzo-la-colocacion-de-las-reglas-limnimetricas\/","title":{"rendered":"Cuenca Arrecifes: Comenz\u00f3 la colocaci\u00f3n de las Reglas Limnim\u00e9tricas"},"content":{"rendered":"<p><!-- VideographyWP Plugin Message: Automatic video embedding prevented by plugin options. --><br \/>\n  Se trata de una herramienta fundamental a la hora de realizar una alerta temprana ante una posible inundaci\u00f3n. Fueron entregadas por la Direcci\u00f3n Provincial de Gesti\u00f3n de Riesgo y Emergencia del Ministerio de Infraestructura de la Provincia y se colocan junto con el INTA.<\/p>\n<p>  En el marco del tercer encuentro de la Jornada de Trabajo de Gesti\u00f3n de Riesgo para los municipios de la Cuenca Arrecifes (Pergamino, Col\u00f3n, Rojas, General Arenales, Jun\u00edn, Chacabuco, Salto, Capit\u00e1n Sarmiento, San Pedro, Baradero, Arrecifes, San Nicol\u00e1s y Ramallo) se continu\u00f3 con la entrega Escalas Limnim\u00e9tricas y se realiz\u00f3 una capacitaci\u00f3n para su colocaci\u00f3n.<\/p>\n<p>  Un total de 60 escalas comienzan a ser instaladas a lo largo de toda la Cuenca. Se inform\u00f3 que las mismas permitir\u00e1n tener una medici\u00f3n m\u00e1s precisa sobre el nivel del agua para poder alertar de manera temprana los riesgos de desborde.<\/p>\n<p>  Las reglas contar\u00e1n con un sistema de sem\u00e1foro para que tambi\u00e9n los vecinos puedan identificar cu\u00e1ndo deben alertarse ante el nivel del caudal del agua.<\/p>\n<p>  La Directora Provincial de Gesti\u00f3n de Riesgo y Emergencias, Virginia Laino, expres\u00f3 \u201ces muy importante este avance que estamos teniendo en conjunto con los municipios de la Cuenca en cuanto a los sistemas de alerta temprana. A su vez es muy importante que la comunidad comience a tener conocimiento de c\u00f3mo actuar ante las alertas para que en caso de emergencia el impacto sea lo menor posible\u201d.<\/p>\n<p>  En el mismo sentido se realiz\u00f3 una jornada de capacitaci\u00f3n sobre gesti\u00f3n de voluntariado y manejo de donaciones al personal local que trabaja en la respuesta de emergencias de la localidad de Pergamino.<br \/>\n(http:\/\/www.grupolaprovincia.com)<\/p>\n","protected":false},"excerpt":{"rendered":"<p>Se trata de una herramienta fundamental a la hora de realizar una alerta temprana ante una posible inundaci\u00f3n. Fueron entregadas por la Direcci\u00f3n Provincial de Gesti\u00f3n de Riesgo y Emergencia del Ministerio de Infraestructura de la Provincia y se colocan junto con el INTA. En el marco del tercer encuentro de la Jornada de Trabajo [&hellip;]<\/p>\n","protected":false},"author":4,"featured_media":16868,"comment_status":"open","ping_status":"closed","sticky":false,"template":"","format":"standard","meta":{"om_disable_all_campaigns":false,"_jetpack_memberships_contains_paid_content":false,"footnotes":""},"categories":[621],"tags":[],"class_list":["post-16867","post","type-post","status-publish","format-standard","has-post-thumbnail","hentry","category-regionales"],"aioseo_notices":[],"gutentor_comment":0,"jetpack_featured_media_url":"https:\/\/eldiariodesanpedro.com.ar\/sitio\/wp-content\/uploads\/2017\/04\/Reglas-Limnim\u00e9tricas.png","jetpack_shortlink":"https:\/\/wp.me\/p6RhLt-4o3","jetpack_sharing_enabled":true,"_links":{"self":[{"href":"https:\/\/eldiariodesanpedro.com.ar\/sitio\/wp-json\/wp\/v2\/posts\/16867","targetHints":{"allow":["GET"]}}],"collection":[{"href":"https:\/\/eldiariodesanpedro.com.ar\/sitio\/wp-json\/wp\/v2\/posts"}],"about":[{"href":"https:\/\/eldiariodesanpedro.com.ar\/sitio\/wp-json\/wp\/v2\/types\/post"}],"author":[{"embeddable":true,"href":"https:\/\/eldiariodesanpedro.com.ar\/sitio\/wp-json\/wp\/v2\/users\/4"}],"replies":[{"embeddable":true,"href":"https:\/\/eldiariodesanpedro.com.ar\/sitio\/wp-json\/wp\/v2\/comments?post=16867"}],"version-history":[{"count":1,"href":"https:\/\/eldiariodesanpedro.com.ar\/sitio\/wp-json\/wp\/v2\/posts\/16867\/revisions"}],"predecessor-version":[{"id":16869,"href":"https:\/\/eldiariodesanpedro.com.ar\/sitio\/wp-json\/wp\/v2\/posts\/16867\/revisions\/16869"}],"wp:featuredmedia":[{"embeddable":true,"href":"https:\/\/eldiariodesanpedro.com.ar\/sitio\/wp-json\/wp\/v2\/media\/16868"}],"wp:attachment":[{"href":"https:\/\/eldiariodesanpedro.com.ar\/sitio\/wp-json\/wp\/v2\/media?parent=16867"}],"wp:term":[{"taxonomy":"category","embeddable":true,"href":"https:\/\/eldiariodesanpedro.com.ar\/sitio\/wp-json\/wp\/v2\/categories?post=16867"},{"taxonomy":"post_tag","embeddable":true,"href":"https:\/\/eldiariodesanpedro.com.ar\/sitio\/wp-json\/wp\/v2\/tags?post=16867"}],"curies":[{"name":"wp","href":"https:\/\/api.w.org\/{rel}","templated":true}]}}