{"id":16861,"date":"2017-04-03T19:12:35","date_gmt":"2017-04-03T22:12:35","guid":{"rendered":"https:\/\/eldiariodesanpedro.com.ar\/sitio\/?p=16861"},"modified":"2017-04-03T19:12:35","modified_gmt":"2017-04-03T22:12:35","slug":"se-realizo-el-acto-de-inicio-de-ciclo-lectivo","status":"publish","type":"post","link":"https:\/\/eldiariodesanpedro.com.ar\/sitio\/se-realizo-el-acto-de-inicio-de-ciclo-lectivo\/","title":{"rendered":"Se realiz\u00f3 el acto de inicio de ciclo lectivo"},"content":{"rendered":"<p><!-- VideographyWP Plugin Message: Automatic video embedding prevented by plugin options. --><br \/>\nSee llev\u00f3 a cabo un acto para dar inicio al ciclo lectivo en la Escuela Agraria de R\u00edo Tala. En ese marco, los alumnos realizaron un homenaje por el D\u00eda del Veterano y Ca\u00eddos en la Guerra de Malvinas, que se conmemor\u00f3 el domingo pasado.<\/p>\n<p>  El Intendente Salazar no pudo estar presente por cuestiones de agenda. En su lugar particip\u00f3 del encuentro el Secretario de Gobierno Silvio Corti, el de Infraestructura y Planeamiento Alfredo Camilletti, y el de Seguridad Eduardo Roleri, entre otros. Tambi\u00e9n participaron autoridades del Consejo Escolar y de Educaci\u00f3n.<\/p>\n<p>  El Director de la escuela Marcelo Paladini dijo: \u201cComo escuela agraria estamos m\u00e1s que satisfechos por el equipamiento que hemos venido recibiendo en el plan de mejoras\u201d. Y destac\u00f3 la construcci\u00f3n que se est\u00e1 llevando a cabo en el predio y, \u201cque tendr\u00e1 como objetivo la elaboraci\u00f3n de dulces, l\u00e1cteos y extracci\u00f3n de miel\u201d.<\/p>\n<p>  Seguidamente, la Jefa Distrital de Educaci\u00f3n Eleonora Taurizano dijo: \u201cEstamos convencidos de la importancia de la educaci\u00f3n t\u00e9cnica y agraria, por eso tomamos la decisi\u00f3n de iniciar el ciclo aqu\u00ed\u201d. Dijo adem\u00e1s que, \u201cla misma promueve el valor agregado en la materia prima, la cultura de trabajo, la producci\u00f3n de alimentos sanos, fortalece el arraigo en la zona rural, etc.\u201d<\/p>\n","protected":false},"excerpt":{"rendered":"<p>See llev\u00f3 a cabo un acto para dar inicio al ciclo lectivo en la Escuela Agraria de R\u00edo Tala. En ese marco, los alumnos realizaron un homenaje por el D\u00eda del Veterano y Ca\u00eddos en la Guerra de Malvinas, que se conmemor\u00f3 el domingo pasado. El Intendente Salazar no pudo estar presente por cuestiones de [&hellip;]<\/p>\n","protected":false},"author":4,"featured_media":16862,"comment_status":"open","ping_status":"closed","sticky":false,"template":"","format":"standard","meta":{"om_disable_all_campaigns":false,"_jetpack_memberships_contains_paid_content":false,"footnotes":""},"categories":[101,2],"tags":[],"class_list":["post-16861","post","type-post","status-publish","format-standard","has-post-thumbnail","hentry","category-interes-general-locales","category-locales"],"aioseo_notices":[],"gutentor_comment":0,"jetpack_featured_media_url":"https:\/\/eldiariodesanpedro.com.ar\/sitio\/wp-content\/uploads\/2017\/04\/inicio-ciclo-lectivo.jpg","jetpack_shortlink":"https:\/\/wp.me\/p6RhLt-4nX","jetpack_sharing_enabled":true,"_links":{"self":[{"href":"https:\/\/eldiariodesanpedro.com.ar\/sitio\/wp-json\/wp\/v2\/posts\/16861","targetHints":{"allow":["GET"]}}],"collection":[{"href":"https:\/\/eldiariodesanpedro.com.ar\/sitio\/wp-json\/wp\/v2\/posts"}],"about":[{"href":"https:\/\/eldiariodesanpedro.com.ar\/sitio\/wp-json\/wp\/v2\/types\/post"}],"author":[{"embeddable":true,"href":"https:\/\/eldiariodesanpedro.com.ar\/sitio\/wp-json\/wp\/v2\/users\/4"}],"replies":[{"embeddable":true,"href":"https:\/\/eldiariodesanpedro.com.ar\/sitio\/wp-json\/wp\/v2\/comments?post=16861"}],"version-history":[{"count":1,"href":"https:\/\/eldiariodesanpedro.com.ar\/sitio\/wp-json\/wp\/v2\/posts\/16861\/revisions"}],"predecessor-version":[{"id":16863,"href":"https:\/\/eldiariodesanpedro.com.ar\/sitio\/wp-json\/wp\/v2\/posts\/16861\/revisions\/16863"}],"wp:featuredmedia":[{"embeddable":true,"href":"https:\/\/eldiariodesanpedro.com.ar\/sitio\/wp-json\/wp\/v2\/media\/16862"}],"wp:attachment":[{"href":"https:\/\/eldiariodesanpedro.com.ar\/sitio\/wp-json\/wp\/v2\/media?parent=16861"}],"wp:term":[{"taxonomy":"category","embeddable":true,"href":"https:\/\/eldiariodesanpedro.com.ar\/sitio\/wp-json\/wp\/v2\/categories?post=16861"},{"taxonomy":"post_tag","embeddable":true,"href":"https:\/\/eldiariodesanpedro.com.ar\/sitio\/wp-json\/wp\/v2\/tags?post=16861"}],"curies":[{"name":"wp","href":"https:\/\/api.w.org\/{rel}","templated":true}]}}