{"id":16858,"date":"2017-04-03T19:05:29","date_gmt":"2017-04-03T22:05:29","guid":{"rendered":"https:\/\/eldiariodesanpedro.com.ar\/sitio\/?p=16858"},"modified":"2017-04-03T19:05:29","modified_gmt":"2017-04-03T22:05:29","slug":"vecinos-capturaron-a-un-delincuente-2","status":"publish","type":"post","link":"https:\/\/eldiariodesanpedro.com.ar\/sitio\/vecinos-capturaron-a-un-delincuente-2\/","title":{"rendered":"Vecinos capturaron a un delincuente"},"content":{"rendered":"<p><!-- VideographyWP Plugin Message: Automatic video embedding prevented by plugin options. --><br \/>\nOcurri\u00f3 en la calle Ituzaing\u00f3 1400 cuando el delincuente intent\u00f3 sustraerle la cartera a una mujer. El malviviente sorprendi\u00f3 a la v\u00edctima cuando descend\u00eda de su autom\u00f3vil y la amedrent\u00f3 con un arma blanca. Como consecuencia de ello, la damnificada comenz\u00f3 a gritar y a pedir auxilio ante la violenta situaci\u00f3n, por lo que un grupo de vecinos advirtieron el hecho y tras perseguir al sujeto lograron apresarlo hasta la llegada del m\u00f3vil policial.<\/p>\n<p>  Luego de ello, fue derivado a la Comisar\u00eda de nuestra ciudad donde permanece alojado a disposici\u00f3n de la UFI N\u00ba 5.<\/p>\n","protected":false},"excerpt":{"rendered":"<p>Ocurri\u00f3 en la calle Ituzaing\u00f3 1400 cuando el delincuente intent\u00f3 sustraerle la cartera a una mujer. El malviviente sorprendi\u00f3 a la v\u00edctima cuando descend\u00eda de su autom\u00f3vil y la amedrent\u00f3 con un arma blanca. Como consecuencia de ello, la damnificada comenz\u00f3 a gritar y a pedir auxilio ante la violenta situaci\u00f3n, por lo que un [&hellip;]<\/p>\n","protected":false},"author":4,"featured_media":1378,"comment_status":"open","ping_status":"closed","sticky":false,"template":"","format":"standard","meta":{"om_disable_all_campaigns":false,"_jetpack_memberships_contains_paid_content":false,"footnotes":""},"categories":[2,103],"tags":[],"class_list":["post-16858","post","type-post","status-publish","format-standard","has-post-thumbnail","hentry","category-locales","category-policiales-locales"],"aioseo_notices":[],"gutentor_comment":0,"jetpack_featured_media_url":"https:\/\/eldiariodesanpedro.com.ar\/sitio\/wp-content\/uploads\/2015\/12\/detenido-esposado-620x413.jpg","jetpack_shortlink":"https:\/\/wp.me\/p6RhLt-4nU","jetpack_sharing_enabled":true,"_links":{"self":[{"href":"https:\/\/eldiariodesanpedro.com.ar\/sitio\/wp-json\/wp\/v2\/posts\/16858","targetHints":{"allow":["GET"]}}],"collection":[{"href":"https:\/\/eldiariodesanpedro.com.ar\/sitio\/wp-json\/wp\/v2\/posts"}],"about":[{"href":"https:\/\/eldiariodesanpedro.com.ar\/sitio\/wp-json\/wp\/v2\/types\/post"}],"author":[{"embeddable":true,"href":"https:\/\/eldiariodesanpedro.com.ar\/sitio\/wp-json\/wp\/v2\/users\/4"}],"replies":[{"embeddable":true,"href":"https:\/\/eldiariodesanpedro.com.ar\/sitio\/wp-json\/wp\/v2\/comments?post=16858"}],"version-history":[{"count":1,"href":"https:\/\/eldiariodesanpedro.com.ar\/sitio\/wp-json\/wp\/v2\/posts\/16858\/revisions"}],"predecessor-version":[{"id":16859,"href":"https:\/\/eldiariodesanpedro.com.ar\/sitio\/wp-json\/wp\/v2\/posts\/16858\/revisions\/16859"}],"wp:featuredmedia":[{"embeddable":true,"href":"https:\/\/eldiariodesanpedro.com.ar\/sitio\/wp-json\/wp\/v2\/media\/1378"}],"wp:attachment":[{"href":"https:\/\/eldiariodesanpedro.com.ar\/sitio\/wp-json\/wp\/v2\/media?parent=16858"}],"wp:term":[{"taxonomy":"category","embeddable":true,"href":"https:\/\/eldiariodesanpedro.com.ar\/sitio\/wp-json\/wp\/v2\/categories?post=16858"},{"taxonomy":"post_tag","embeddable":true,"href":"https:\/\/eldiariodesanpedro.com.ar\/sitio\/wp-json\/wp\/v2\/tags?post=16858"}],"curies":[{"name":"wp","href":"https:\/\/api.w.org\/{rel}","templated":true}]}}