{"id":16856,"date":"2017-04-03T19:05:36","date_gmt":"2017-04-03T22:05:36","guid":{"rendered":"https:\/\/eldiariodesanpedro.com.ar\/sitio\/?p=16856"},"modified":"2017-04-03T19:05:36","modified_gmt":"2017-04-03T22:05:36","slug":"falsos-secuestros-generaron-temor-en-nuestra-ciudad","status":"publish","type":"post","link":"https:\/\/eldiariodesanpedro.com.ar\/sitio\/falsos-secuestros-generaron-temor-en-nuestra-ciudad\/","title":{"rendered":"Falsos secuestros generaron temor en nuestra ciudad"},"content":{"rendered":"<p><!-- VideographyWP Plugin Message: Automatic video embedding prevented by plugin options. --><br \/>\n  La psicosis generalizada se dio durante la jornada el fin de semana, cuando a trav\u00e9s de whatsapp comenz\u00f3 a circular la foto de una ni\u00f1a junto con el audio de un desesperado padre que dec\u00eda que la hab\u00edan secuestrado y ped\u00eda ayuda para encontrarla, tambi\u00e9n el de una mujer que se refer\u00eda tambi\u00e9n a esa situaci\u00f3n.<\/p>\n<p>  Es imposible saber c\u00f3mo comienza su difusi\u00f3n, si es alguien con intenciones de provocar la angustia social que genera un hecho como este, o el poder de \u201cbola de nieve\u201d que tienen las redes sociales. Es decir, una persona que sin advertir de donde proviene el mensaje lo instala en la Sociedad, generando que se comparta masivamente.<\/p>\n<p>  Lo cierto es que los audios no daban ning\u00fan tipo de referencia geogr\u00e1fica sobre que el hecho hubiera ocurrido en nuestra ciudad y eso tambi\u00e9n colabor\u00f3 con la gran confusi\u00f3n.<\/p>\n<p>  Producto de ello, al mensaje inicial, quienes compart\u00edan comenzaron adosarle caracter\u00edsticas locales. Una de las informaciones que llegaron a nuestro medio daban cuenta que docentes locales la hab\u00edan reconocido, y otras que una combi blanca sin patente hab\u00eda sido vista en el barrio Arco Iris, involucr\u00e1ndola con el posible rapto.<\/p>\n<p>  Consultadas las autoridades policiales, aseguraron que no se radic\u00f3 ninguna denuncia en la Comisar\u00eda por un hecho similar, adem\u00e1s se llevaron a cabo averiguaciones de oficio que pudieron constatar que se trataba de informaci\u00f3n falsa.<\/p>\n<p>  En el d\u00eda de ayer, se pudo observar una publicaci\u00f3n de facebook (que ser\u00eda la original) de una persona oriunda de la ciudad de Merlo que publicaba el s\u00e1bado 1 de abril (como se ve en la captura): \u201cAcaba desaparecer de la puerta de su casa del barrio Matera Merlo, por favor si alguien la ve aportar informaci\u00f3n, muchas gracias. Compartir, entre todos podemos lograr que aparezca Sana y Salva\u201d. De esta manera se constata que al menos la menor no es oriunda de nuestra ciudad.<\/p>\n<p>  Una situaci\u00f3n similar ocurri\u00f3 en noviembre del a\u00f1o pasado cuando se daba a conocer que cinco personas estaban en la zona, secuestrando menores. Constat\u00e1ndose luego, que eran narcos mexicanos que se encontraban presos.<\/p>\n","protected":false},"excerpt":{"rendered":"<p>La psicosis generalizada se dio durante la jornada el fin de semana, cuando a trav\u00e9s de whatsapp comenz\u00f3 a circular la foto de una ni\u00f1a junto con el audio de un desesperado padre que dec\u00eda que la hab\u00edan secuestrado y ped\u00eda ayuda para encontrarla, tambi\u00e9n el de una mujer que se refer\u00eda tambi\u00e9n a esa [&hellip;]<\/p>\n","protected":false},"author":4,"featured_media":16857,"comment_status":"open","ping_status":"closed","sticky":false,"template":"","format":"standard","meta":{"om_disable_all_campaigns":false,"_jetpack_memberships_contains_paid_content":false,"footnotes":""},"categories":[50,2,103],"tags":[],"class_list":["post-16856","post","type-post","status-publish","format-standard","has-post-thumbnail","hentry","category-destacadas","category-locales","category-policiales-locales"],"aioseo_notices":[],"gutentor_comment":0,"jetpack_featured_media_url":"https:\/\/eldiariodesanpedro.com.ar\/sitio\/wp-content\/uploads\/2017\/04\/secuestro.jpg","jetpack_shortlink":"https:\/\/wp.me\/p6RhLt-4nS","jetpack_sharing_enabled":true,"_links":{"self":[{"href":"https:\/\/eldiariodesanpedro.com.ar\/sitio\/wp-json\/wp\/v2\/posts\/16856","targetHints":{"allow":["GET"]}}],"collection":[{"href":"https:\/\/eldiariodesanpedro.com.ar\/sitio\/wp-json\/wp\/v2\/posts"}],"about":[{"href":"https:\/\/eldiariodesanpedro.com.ar\/sitio\/wp-json\/wp\/v2\/types\/post"}],"author":[{"embeddable":true,"href":"https:\/\/eldiariodesanpedro.com.ar\/sitio\/wp-json\/wp\/v2\/users\/4"}],"replies":[{"embeddable":true,"href":"https:\/\/eldiariodesanpedro.com.ar\/sitio\/wp-json\/wp\/v2\/comments?post=16856"}],"version-history":[{"count":1,"href":"https:\/\/eldiariodesanpedro.com.ar\/sitio\/wp-json\/wp\/v2\/posts\/16856\/revisions"}],"predecessor-version":[{"id":16860,"href":"https:\/\/eldiariodesanpedro.com.ar\/sitio\/wp-json\/wp\/v2\/posts\/16856\/revisions\/16860"}],"wp:featuredmedia":[{"embeddable":true,"href":"https:\/\/eldiariodesanpedro.com.ar\/sitio\/wp-json\/wp\/v2\/media\/16857"}],"wp:attachment":[{"href":"https:\/\/eldiariodesanpedro.com.ar\/sitio\/wp-json\/wp\/v2\/media?parent=16856"}],"wp:term":[{"taxonomy":"category","embeddable":true,"href":"https:\/\/eldiariodesanpedro.com.ar\/sitio\/wp-json\/wp\/v2\/categories?post=16856"},{"taxonomy":"post_tag","embeddable":true,"href":"https:\/\/eldiariodesanpedro.com.ar\/sitio\/wp-json\/wp\/v2\/tags?post=16856"}],"curies":[{"name":"wp","href":"https:\/\/api.w.org\/{rel}","templated":true}]}}