{"id":16854,"date":"2017-04-03T12:02:33","date_gmt":"2017-04-03T15:02:33","guid":{"rendered":"https:\/\/eldiariodesanpedro.com.ar\/sitio\/?p=16854"},"modified":"2017-04-03T12:02:33","modified_gmt":"2017-04-03T15:02:33","slug":"corte-programado-para-manana-martes-en-zona-urbana","status":"publish","type":"post","link":"https:\/\/eldiariodesanpedro.com.ar\/sitio\/corte-programado-para-manana-martes-en-zona-urbana\/","title":{"rendered":"Corte programado para ma\u00f1ana martes en zona urbana"},"content":{"rendered":"<p><!-- VideographyWP Plugin Message: Automatic video embedding prevented by plugin options. --><br \/>\nCOOPSER informa que ma\u00f1ana 4 de abril en el horario de 7 a 12 se instrumentar\u00e1 un corte de energ\u00eda el\u00e9ctrica en la zona delimitada por Ruta 1001 &#8211; Goycoechea &#8211; Gomendio y  Uruguay para la realizaci\u00f3n de tareas de mantenimiento. En caso de mal tiempo los trabajos ser\u00e1n reprogramados. <\/p>\n","protected":false},"excerpt":{"rendered":"<p>COOPSER informa que ma\u00f1ana 4 de abril en el horario de 7 a 12 se instrumentar\u00e1 un corte de energ\u00eda el\u00e9ctrica en la zona delimitada por Ruta 1001 &#8211; Goycoechea &#8211; Gomendio y Uruguay para la realizaci\u00f3n de tareas de mantenimiento. En caso de mal tiempo los trabajos ser\u00e1n reprogramados.<\/p>\n","protected":false},"author":4,"featured_media":14421,"comment_status":"open","ping_status":"closed","sticky":false,"template":"","format":"standard","meta":{"om_disable_all_campaigns":false,"_jetpack_memberships_contains_paid_content":false,"footnotes":""},"categories":[101,2],"tags":[],"class_list":["post-16854","post","type-post","status-publish","format-standard","has-post-thumbnail","hentry","category-interes-general-locales","category-locales"],"aioseo_notices":[],"gutentor_comment":0,"jetpack_featured_media_url":"https:\/\/eldiariodesanpedro.com.ar\/sitio\/wp-content\/uploads\/2017\/02\/coopser-e1486683594690.jpg","jetpack_shortlink":"https:\/\/wp.me\/p6RhLt-4nQ","jetpack_sharing_enabled":true,"_links":{"self":[{"href":"https:\/\/eldiariodesanpedro.com.ar\/sitio\/wp-json\/wp\/v2\/posts\/16854","targetHints":{"allow":["GET"]}}],"collection":[{"href":"https:\/\/eldiariodesanpedro.com.ar\/sitio\/wp-json\/wp\/v2\/posts"}],"about":[{"href":"https:\/\/eldiariodesanpedro.com.ar\/sitio\/wp-json\/wp\/v2\/types\/post"}],"author":[{"embeddable":true,"href":"https:\/\/eldiariodesanpedro.com.ar\/sitio\/wp-json\/wp\/v2\/users\/4"}],"replies":[{"embeddable":true,"href":"https:\/\/eldiariodesanpedro.com.ar\/sitio\/wp-json\/wp\/v2\/comments?post=16854"}],"version-history":[{"count":1,"href":"https:\/\/eldiariodesanpedro.com.ar\/sitio\/wp-json\/wp\/v2\/posts\/16854\/revisions"}],"predecessor-version":[{"id":16855,"href":"https:\/\/eldiariodesanpedro.com.ar\/sitio\/wp-json\/wp\/v2\/posts\/16854\/revisions\/16855"}],"wp:featuredmedia":[{"embeddable":true,"href":"https:\/\/eldiariodesanpedro.com.ar\/sitio\/wp-json\/wp\/v2\/media\/14421"}],"wp:attachment":[{"href":"https:\/\/eldiariodesanpedro.com.ar\/sitio\/wp-json\/wp\/v2\/media?parent=16854"}],"wp:term":[{"taxonomy":"category","embeddable":true,"href":"https:\/\/eldiariodesanpedro.com.ar\/sitio\/wp-json\/wp\/v2\/categories?post=16854"},{"taxonomy":"post_tag","embeddable":true,"href":"https:\/\/eldiariodesanpedro.com.ar\/sitio\/wp-json\/wp\/v2\/tags?post=16854"}],"curies":[{"name":"wp","href":"https:\/\/api.w.org\/{rel}","templated":true}]}}