{"id":16849,"date":"2017-04-03T08:46:58","date_gmt":"2017-04-03T11:46:58","guid":{"rendered":"https:\/\/eldiariodesanpedro.com.ar\/sitio\/?p=16849"},"modified":"2017-04-03T08:46:58","modified_gmt":"2017-04-03T11:46:58","slug":"tres-delincuentes-robaron-un-comercio-en-santa-lucia","status":"publish","type":"post","link":"https:\/\/eldiariodesanpedro.com.ar\/sitio\/tres-delincuentes-robaron-un-comercio-en-santa-lucia\/","title":{"rendered":"Tres delincuentes robaron un comercio en Santa Luc\u00eda"},"content":{"rendered":"<p><!-- VideographyWP Plugin Message: Automatic video embedding prevented by plugin options. --><br \/>\nEn el d\u00eda de ayer en la localidad de Santa Luc\u00eda personal policial detuvo a tres delincuentes mayores de edad que hab\u00edan realizado un il\u00edcito en un comercio ubicado en calle O&#8217;Farrel de esa localidad. <\/p>\n<p>Los malvivientes de 19, 23 y 22 a\u00f1os de edad, fueron trasladados a la comisar\u00eda de la ciudad de San Pedro. <\/p>\n","protected":false},"excerpt":{"rendered":"<p>En el d\u00eda de ayer en la localidad de Santa Luc\u00eda personal policial detuvo a tres delincuentes mayores de edad que hab\u00edan realizado un il\u00edcito en un comercio ubicado en calle O&#8217;Farrel de esa localidad. Los malvivientes de 19, 23 y 22 a\u00f1os de edad, fueron trasladados a la comisar\u00eda de la ciudad de San [&hellip;]<\/p>\n","protected":false},"author":4,"featured_media":7819,"comment_status":"open","ping_status":"closed","sticky":false,"template":"","format":"standard","meta":{"om_disable_all_campaigns":false,"_jetpack_memberships_contains_paid_content":false,"footnotes":""},"categories":[2,103],"tags":[],"class_list":["post-16849","post","type-post","status-publish","format-standard","has-post-thumbnail","hentry","category-locales","category-policiales-locales"],"aioseo_notices":[],"gutentor_comment":0,"jetpack_featured_media_url":"https:\/\/eldiariodesanpedro.com.ar\/sitio\/wp-content\/uploads\/2016\/09\/detenidos-esposados.jpg","jetpack_shortlink":"https:\/\/wp.me\/p6RhLt-4nL","jetpack_sharing_enabled":true,"_links":{"self":[{"href":"https:\/\/eldiariodesanpedro.com.ar\/sitio\/wp-json\/wp\/v2\/posts\/16849","targetHints":{"allow":["GET"]}}],"collection":[{"href":"https:\/\/eldiariodesanpedro.com.ar\/sitio\/wp-json\/wp\/v2\/posts"}],"about":[{"href":"https:\/\/eldiariodesanpedro.com.ar\/sitio\/wp-json\/wp\/v2\/types\/post"}],"author":[{"embeddable":true,"href":"https:\/\/eldiariodesanpedro.com.ar\/sitio\/wp-json\/wp\/v2\/users\/4"}],"replies":[{"embeddable":true,"href":"https:\/\/eldiariodesanpedro.com.ar\/sitio\/wp-json\/wp\/v2\/comments?post=16849"}],"version-history":[{"count":1,"href":"https:\/\/eldiariodesanpedro.com.ar\/sitio\/wp-json\/wp\/v2\/posts\/16849\/revisions"}],"predecessor-version":[{"id":16850,"href":"https:\/\/eldiariodesanpedro.com.ar\/sitio\/wp-json\/wp\/v2\/posts\/16849\/revisions\/16850"}],"wp:featuredmedia":[{"embeddable":true,"href":"https:\/\/eldiariodesanpedro.com.ar\/sitio\/wp-json\/wp\/v2\/media\/7819"}],"wp:attachment":[{"href":"https:\/\/eldiariodesanpedro.com.ar\/sitio\/wp-json\/wp\/v2\/media?parent=16849"}],"wp:term":[{"taxonomy":"category","embeddable":true,"href":"https:\/\/eldiariodesanpedro.com.ar\/sitio\/wp-json\/wp\/v2\/categories?post=16849"},{"taxonomy":"post_tag","embeddable":true,"href":"https:\/\/eldiariodesanpedro.com.ar\/sitio\/wp-json\/wp\/v2\/tags?post=16849"}],"curies":[{"name":"wp","href":"https:\/\/api.w.org\/{rel}","templated":true}]}}