{"id":16847,"date":"2017-04-03T08:30:34","date_gmt":"2017-04-03T11:30:34","guid":{"rendered":"https:\/\/eldiariodesanpedro.com.ar\/sitio\/?p=16847"},"modified":"2017-04-03T08:30:34","modified_gmt":"2017-04-03T11:30:34","slug":"detienen-a-un-menor-de-edad-que-quiso-robar-en-la-cancha-del-club-independencia","status":"publish","type":"post","link":"https:\/\/eldiariodesanpedro.com.ar\/sitio\/detienen-a-un-menor-de-edad-que-quiso-robar-en-la-cancha-del-club-independencia\/","title":{"rendered":"Detienen a un menor de edad que quiso robar en la cancha del Club Independencia"},"content":{"rendered":"<p><!-- VideographyWP Plugin Message: Automatic video embedding prevented by plugin options. --><br \/>\nUn menor de edad de 15 a\u00f1os fue atrapado en el d\u00eda de ayer por la polic\u00eda de la comisar\u00eda local cuando fueron alertados al servicio 101 que este delincuente se encontraba dentro del vestuario de la cancha del Club Independencia. <\/p>\n<p>El joven que al momento del arribo del personal ten\u00eda en su poder elemento pertenecientes al lugar fue reducido r\u00e1pidamente y trasladado a la dependencia, mantenida comunicaci\u00f3n con UFI del Joven, dispuso notificaci\u00f3n sumarial para con esta persona y su posterior libertad, entreg\u00e1ndolo a sus progenitores.<\/p>\n","protected":false},"excerpt":{"rendered":"<p>Un menor de edad de 15 a\u00f1os fue atrapado en el d\u00eda de ayer por la polic\u00eda de la comisar\u00eda local cuando fueron alertados al servicio 101 que este delincuente se encontraba dentro del vestuario de la cancha del Club Independencia. El joven que al momento del arribo del personal ten\u00eda en su poder elemento [&hellip;]<\/p>\n","protected":false},"author":4,"featured_media":4713,"comment_status":"open","ping_status":"closed","sticky":false,"template":"","format":"standard","meta":{"om_disable_all_campaigns":false,"_jetpack_memberships_contains_paid_content":false,"footnotes":""},"categories":[2,103],"tags":[],"class_list":["post-16847","post","type-post","status-publish","format-standard","has-post-thumbnail","hentry","category-locales","category-policiales-locales"],"aioseo_notices":[],"gutentor_comment":0,"jetpack_featured_media_url":"https:\/\/eldiariodesanpedro.com.ar\/sitio\/wp-content\/uploads\/2016\/05\/detenido.jpg","jetpack_shortlink":"https:\/\/wp.me\/p6RhLt-4nJ","jetpack_sharing_enabled":true,"_links":{"self":[{"href":"https:\/\/eldiariodesanpedro.com.ar\/sitio\/wp-json\/wp\/v2\/posts\/16847","targetHints":{"allow":["GET"]}}],"collection":[{"href":"https:\/\/eldiariodesanpedro.com.ar\/sitio\/wp-json\/wp\/v2\/posts"}],"about":[{"href":"https:\/\/eldiariodesanpedro.com.ar\/sitio\/wp-json\/wp\/v2\/types\/post"}],"author":[{"embeddable":true,"href":"https:\/\/eldiariodesanpedro.com.ar\/sitio\/wp-json\/wp\/v2\/users\/4"}],"replies":[{"embeddable":true,"href":"https:\/\/eldiariodesanpedro.com.ar\/sitio\/wp-json\/wp\/v2\/comments?post=16847"}],"version-history":[{"count":1,"href":"https:\/\/eldiariodesanpedro.com.ar\/sitio\/wp-json\/wp\/v2\/posts\/16847\/revisions"}],"predecessor-version":[{"id":16848,"href":"https:\/\/eldiariodesanpedro.com.ar\/sitio\/wp-json\/wp\/v2\/posts\/16847\/revisions\/16848"}],"wp:featuredmedia":[{"embeddable":true,"href":"https:\/\/eldiariodesanpedro.com.ar\/sitio\/wp-json\/wp\/v2\/media\/4713"}],"wp:attachment":[{"href":"https:\/\/eldiariodesanpedro.com.ar\/sitio\/wp-json\/wp\/v2\/media?parent=16847"}],"wp:term":[{"taxonomy":"category","embeddable":true,"href":"https:\/\/eldiariodesanpedro.com.ar\/sitio\/wp-json\/wp\/v2\/categories?post=16847"},{"taxonomy":"post_tag","embeddable":true,"href":"https:\/\/eldiariodesanpedro.com.ar\/sitio\/wp-json\/wp\/v2\/tags?post=16847"}],"curies":[{"name":"wp","href":"https:\/\/api.w.org\/{rel}","templated":true}]}}