{"id":16845,"date":"2017-04-03T08:19:36","date_gmt":"2017-04-03T11:19:36","guid":{"rendered":"https:\/\/eldiariodesanpedro.com.ar\/sitio\/?p=16845"},"modified":"2017-04-03T08:19:36","modified_gmt":"2017-04-03T11:19:36","slug":"detienen-a-un-ladron-que-intentaba-entrar-a-una-casa","status":"publish","type":"post","link":"https:\/\/eldiariodesanpedro.com.ar\/sitio\/detienen-a-un-ladron-que-intentaba-entrar-a-una-casa\/","title":{"rendered":"Detienen a un ladr\u00f3n que intentaba entrar a una casa"},"content":{"rendered":"<p><!-- VideographyWP Plugin Message: Automatic video embedding prevented by plugin options. --><br \/>\nEn la madrugada de hoy personal del destacamento de Gobernador Castro recibi\u00f3 un llamado al servicio 101 donde una mujer de 38 a\u00f1os denunciaba que delincuente estar\u00edan tratando de violentar una de las aberturas de su domicilio ubicado en calle Ernesto Alves. <\/p>\n<p>Al arribar r\u00e1pidamente personal policial logra reducir y aprehender a un joven de 16 a\u00f1os de edad quien ser\u00eda el que intentaba ingresar a la casa a trav\u00e9s de una ventana.<\/p>\n<p>Se comunico el hecho a la UFI del Joven en San Nicol\u00e1s y luego fue entregado a sus progenitores. <\/p>\n","protected":false},"excerpt":{"rendered":"<p>En la madrugada de hoy personal del destacamento de Gobernador Castro recibi\u00f3 un llamado al servicio 101 donde una mujer de 38 a\u00f1os denunciaba que delincuente estar\u00edan tratando de violentar una de las aberturas de su domicilio ubicado en calle Ernesto Alves. Al arribar r\u00e1pidamente personal policial logra reducir y aprehender a un joven de [&hellip;]<\/p>\n","protected":false},"author":4,"featured_media":5588,"comment_status":"open","ping_status":"closed","sticky":false,"template":"","format":"standard","meta":{"om_disable_all_campaigns":false,"_jetpack_memberships_contains_paid_content":false,"footnotes":""},"categories":[2,103],"tags":[],"class_list":["post-16845","post","type-post","status-publish","format-standard","has-post-thumbnail","hentry","category-locales","category-policiales-locales"],"aioseo_notices":[],"gutentor_comment":0,"jetpack_featured_media_url":"https:\/\/eldiariodesanpedro.com.ar\/sitio\/wp-content\/uploads\/2016\/06\/patrulla-policia-1.jpg","jetpack_shortlink":"https:\/\/wp.me\/p6RhLt-4nH","jetpack_sharing_enabled":true,"_links":{"self":[{"href":"https:\/\/eldiariodesanpedro.com.ar\/sitio\/wp-json\/wp\/v2\/posts\/16845","targetHints":{"allow":["GET"]}}],"collection":[{"href":"https:\/\/eldiariodesanpedro.com.ar\/sitio\/wp-json\/wp\/v2\/posts"}],"about":[{"href":"https:\/\/eldiariodesanpedro.com.ar\/sitio\/wp-json\/wp\/v2\/types\/post"}],"author":[{"embeddable":true,"href":"https:\/\/eldiariodesanpedro.com.ar\/sitio\/wp-json\/wp\/v2\/users\/4"}],"replies":[{"embeddable":true,"href":"https:\/\/eldiariodesanpedro.com.ar\/sitio\/wp-json\/wp\/v2\/comments?post=16845"}],"version-history":[{"count":1,"href":"https:\/\/eldiariodesanpedro.com.ar\/sitio\/wp-json\/wp\/v2\/posts\/16845\/revisions"}],"predecessor-version":[{"id":16846,"href":"https:\/\/eldiariodesanpedro.com.ar\/sitio\/wp-json\/wp\/v2\/posts\/16845\/revisions\/16846"}],"wp:featuredmedia":[{"embeddable":true,"href":"https:\/\/eldiariodesanpedro.com.ar\/sitio\/wp-json\/wp\/v2\/media\/5588"}],"wp:attachment":[{"href":"https:\/\/eldiariodesanpedro.com.ar\/sitio\/wp-json\/wp\/v2\/media?parent=16845"}],"wp:term":[{"taxonomy":"category","embeddable":true,"href":"https:\/\/eldiariodesanpedro.com.ar\/sitio\/wp-json\/wp\/v2\/categories?post=16845"},{"taxonomy":"post_tag","embeddable":true,"href":"https:\/\/eldiariodesanpedro.com.ar\/sitio\/wp-json\/wp\/v2\/tags?post=16845"}],"curies":[{"name":"wp","href":"https:\/\/api.w.org\/{rel}","templated":true}]}}