{"id":16843,"date":"2017-04-03T08:02:47","date_gmt":"2017-04-03T11:02:47","guid":{"rendered":"https:\/\/eldiariodesanpedro.com.ar\/sitio\/?p=16843"},"modified":"2017-04-03T08:02:47","modified_gmt":"2017-04-03T11:02:47","slug":"volco-un-camion-en-la-ruta-9","status":"publish","type":"post","link":"https:\/\/eldiariodesanpedro.com.ar\/sitio\/volco-un-camion-en-la-ruta-9\/","title":{"rendered":"Volc\u00f3 un cami\u00f3n en la Ruta 9"},"content":{"rendered":"<p><!-- VideographyWP Plugin Message: Automatic video embedding prevented by plugin options. --><br \/>\nDurante la madrugada de este lunes se tom\u00f3 conocimiento de un accidente de tr\u00e1nsito producido por un cami\u00f3n Scania color Blanco que transportaba verduras volc\u00f3 en la Ruta Nacional 9.<\/p>\n<p>Ocurri\u00f3 alrededor de las 03:20 hs en el kil\u00f3metro 170 en el carril Buenos Aires &#8211; Rosario, por motivos que se tratan de establecer el ch\u00f3fer de 32 a\u00f1os que era acompa\u00f1ado de su pareja de 22 a\u00f1os perdi\u00f3 el control del mismo provocando as\u00ed el cuello del mismo. <\/p>\n<p>Las dos personas fueron trasladadas al hospital Emilio Ruffa como precauci\u00f3n ya que s\u00f3lo presentaban heridas leves y fueron dados de alta inmediatamente.  <\/p>\n","protected":false},"excerpt":{"rendered":"<p>Durante la madrugada de este lunes se tom\u00f3 conocimiento de un accidente de tr\u00e1nsito producido por un cami\u00f3n Scania color Blanco que transportaba verduras volc\u00f3 en la Ruta Nacional 9. Ocurri\u00f3 alrededor de las 03:20 hs en el kil\u00f3metro 170 en el carril Buenos Aires &#8211; Rosario, por motivos que se tratan de establecer el [&hellip;]<\/p>\n","protected":false},"author":4,"featured_media":5420,"comment_status":"open","ping_status":"closed","sticky":false,"template":"","format":"standard","meta":{"om_disable_all_campaigns":false,"_jetpack_memberships_contains_paid_content":false,"footnotes":""},"categories":[2,103],"tags":[],"class_list":["post-16843","post","type-post","status-publish","format-standard","has-post-thumbnail","hentry","category-locales","category-policiales-locales"],"aioseo_notices":[],"gutentor_comment":0,"jetpack_featured_media_url":"https:\/\/eldiariodesanpedro.com.ar\/sitio\/wp-content\/uploads\/2016\/06\/ruta-9-e1496934815830.jpg","jetpack_shortlink":"https:\/\/wp.me\/p6RhLt-4nF","jetpack_sharing_enabled":true,"_links":{"self":[{"href":"https:\/\/eldiariodesanpedro.com.ar\/sitio\/wp-json\/wp\/v2\/posts\/16843","targetHints":{"allow":["GET"]}}],"collection":[{"href":"https:\/\/eldiariodesanpedro.com.ar\/sitio\/wp-json\/wp\/v2\/posts"}],"about":[{"href":"https:\/\/eldiariodesanpedro.com.ar\/sitio\/wp-json\/wp\/v2\/types\/post"}],"author":[{"embeddable":true,"href":"https:\/\/eldiariodesanpedro.com.ar\/sitio\/wp-json\/wp\/v2\/users\/4"}],"replies":[{"embeddable":true,"href":"https:\/\/eldiariodesanpedro.com.ar\/sitio\/wp-json\/wp\/v2\/comments?post=16843"}],"version-history":[{"count":1,"href":"https:\/\/eldiariodesanpedro.com.ar\/sitio\/wp-json\/wp\/v2\/posts\/16843\/revisions"}],"predecessor-version":[{"id":16844,"href":"https:\/\/eldiariodesanpedro.com.ar\/sitio\/wp-json\/wp\/v2\/posts\/16843\/revisions\/16844"}],"wp:featuredmedia":[{"embeddable":true,"href":"https:\/\/eldiariodesanpedro.com.ar\/sitio\/wp-json\/wp\/v2\/media\/5420"}],"wp:attachment":[{"href":"https:\/\/eldiariodesanpedro.com.ar\/sitio\/wp-json\/wp\/v2\/media?parent=16843"}],"wp:term":[{"taxonomy":"category","embeddable":true,"href":"https:\/\/eldiariodesanpedro.com.ar\/sitio\/wp-json\/wp\/v2\/categories?post=16843"},{"taxonomy":"post_tag","embeddable":true,"href":"https:\/\/eldiariodesanpedro.com.ar\/sitio\/wp-json\/wp\/v2\/tags?post=16843"}],"curies":[{"name":"wp","href":"https:\/\/api.w.org\/{rel}","templated":true}]}}