{"id":16838,"date":"2017-04-02T19:35:24","date_gmt":"2017-04-02T22:35:24","guid":{"rendered":"https:\/\/eldiariodesanpedro.com.ar\/sitio\/?p=16838"},"modified":"2026-01-24T00:26:46","modified_gmt":"2026-01-24T03:26:46","slug":"arbitros-pruebas-fisicas-varios-arbitros-del-colegio-local-rindieron-satisfactoriamente","status":"publish","type":"post","link":"https:\/\/eldiariodesanpedro.com.ar\/sitio\/arbitros-pruebas-fisicas-varios-arbitros-del-colegio-local-rindieron-satisfactoriamente\/","title":{"rendered":"\u00c1RBITROS: Pruebas f\u00edsicas: Varios \u00e1rbitros del Colegio local rindieron satisfactoriamente"},"content":{"rendered":"<p><!-- VideographyWP Plugin Message: Automatic video embedding prevented by plugin options. --><br \/>\n  En la pista de atletismo del Polideportivo Municipal \u00abProfesor Eduardo Aldasoro\u00bb de la ciudad de Tandil se realiz\u00f3 la prueba f\u00edsica para 227 \u00e1rbitros de la regi\u00f3n bonaerense. Son organizadas por el Consejo Federal de AFA, teniendo suma importancia ya que los jueces que rindan satisfactoriamente ser\u00e1n los designados para los Torneos Federales, A, B y C.<\/p>\n<p>  De las exigentes pruebas, cinco \u00e1rbitros superaron las mismas sin inconvenientes. Comenzaron muy temprano en la ma\u00f1ana del s\u00e1bado y luego de varias horas los colegiados de la Liga Deportiva Sampedrina Agust\u00edn G\u00f3mez (San Pedro), Marco Santos (V. Constituci\u00f3n), Dami\u00e1n Bertolini (San Pedro), Nicol\u00e1s Salinas (Rosario) y Milton Ayala (Rosario, hijo de Julio Ayala, asistente de Primera Divisi\u00f3n e internacional por muchos a\u00f1os) ya est\u00e1n en condiciones de dirigir los torneos anunciados. Mientras que Francisco Lasca (V. Constituci\u00f3n), Esteban Su\u00e1rez (V. Constituci\u00f3n), Marcelo Vega (Rosario) y Lucas Bruzzesi (San Pedro) -los dos \u00faltimos no viajaron por lesi\u00f3n-, si el Consejo Federal les permite ir a recuperatorio, buscar\u00e1n en dos semanas pasar la prueba en Corrientes, \u00faltima chance por este a\u00f1o.<\/p>\n<p>  A esta lista se les suma Joaqu\u00edn Gil (San Pedro), quien ya rindi\u00f3 en oportunidad anterior.<\/p>\n","protected":false},"excerpt":{"rendered":"<p>En la pista de atletismo del Polideportivo Municipal \u00abProfesor Eduardo Aldasoro\u00bb de la ciudad de Tandil se realiz\u00f3 la prueba f\u00edsica para 227 \u00e1rbitros de la regi\u00f3n bonaerense. Son organizadas por el Consejo Federal de AFA, teniendo suma importancia ya que los jueces que rindan satisfactoriamente ser\u00e1n los designados para los Torneos Federales, A, B [&hellip;]<\/p>\n","protected":false},"author":4,"featured_media":16839,"comment_status":"open","ping_status":"closed","sticky":false,"template":"","format":"standard","meta":{"om_disable_all_campaigns":false,"_jetpack_memberships_contains_paid_content":false,"footnotes":""},"categories":[5],"tags":[],"class_list":["post-16838","post","type-post","status-publish","format-standard","has-post-thumbnail","hentry","category-deportes"],"aioseo_notices":[],"gutentor_comment":0,"jetpack_featured_media_url":"https:\/\/eldiariodesanpedro.com.ar\/sitio\/wp-content\/uploads\/2017\/04\/Damian-Bertolini-y-Agust\u00edn-G\u00f3mez-promesas-en-el-arbitraje-local.jpg","jetpack_shortlink":"https:\/\/wp.me\/p6RhLt-4nA","jetpack_sharing_enabled":true,"_links":{"self":[{"href":"https:\/\/eldiariodesanpedro.com.ar\/sitio\/wp-json\/wp\/v2\/posts\/16838","targetHints":{"allow":["GET"]}}],"collection":[{"href":"https:\/\/eldiariodesanpedro.com.ar\/sitio\/wp-json\/wp\/v2\/posts"}],"about":[{"href":"https:\/\/eldiariodesanpedro.com.ar\/sitio\/wp-json\/wp\/v2\/types\/post"}],"author":[{"embeddable":true,"href":"https:\/\/eldiariodesanpedro.com.ar\/sitio\/wp-json\/wp\/v2\/users\/4"}],"replies":[{"embeddable":true,"href":"https:\/\/eldiariodesanpedro.com.ar\/sitio\/wp-json\/wp\/v2\/comments?post=16838"}],"version-history":[{"count":1,"href":"https:\/\/eldiariodesanpedro.com.ar\/sitio\/wp-json\/wp\/v2\/posts\/16838\/revisions"}],"predecessor-version":[{"id":16840,"href":"https:\/\/eldiariodesanpedro.com.ar\/sitio\/wp-json\/wp\/v2\/posts\/16838\/revisions\/16840"}],"wp:featuredmedia":[{"embeddable":true,"href":"https:\/\/eldiariodesanpedro.com.ar\/sitio\/wp-json\/wp\/v2\/media\/16839"}],"wp:attachment":[{"href":"https:\/\/eldiariodesanpedro.com.ar\/sitio\/wp-json\/wp\/v2\/media?parent=16838"}],"wp:term":[{"taxonomy":"category","embeddable":true,"href":"https:\/\/eldiariodesanpedro.com.ar\/sitio\/wp-json\/wp\/v2\/categories?post=16838"},{"taxonomy":"post_tag","embeddable":true,"href":"https:\/\/eldiariodesanpedro.com.ar\/sitio\/wp-json\/wp\/v2\/tags?post=16838"}],"curies":[{"name":"wp","href":"https:\/\/api.w.org\/{rel}","templated":true}]}}