{"id":16831,"date":"2017-04-02T19:23:21","date_gmt":"2017-04-02T22:23:21","guid":{"rendered":"https:\/\/eldiariodesanpedro.com.ar\/sitio\/?p=16831"},"modified":"2026-01-24T00:26:46","modified_gmt":"2026-01-24T03:26:46","slug":"futbol-mayor-tercera-fecha-suspendida","status":"publish","type":"post","link":"https:\/\/eldiariodesanpedro.com.ar\/sitio\/futbol-mayor-tercera-fecha-suspendida\/","title":{"rendered":"F\u00daTBOL MAYOR:  Tercera fecha: suspendida"},"content":{"rendered":"<p><!-- VideographyWP Plugin Message: Automatic video embedding prevented by plugin options. --><br \/>\nLa jornada 3 del Torneo Apertura \u00abPedro Barri\u00bb fue suspendida en su totalidad en la categor\u00eda mayor, seg\u00fan inform\u00f3 el Presidente de la entidad Hugo Cejas cerca del mediod\u00eda del domingo. La lluvia fue la principal protagonista.<\/p>\n","protected":false},"excerpt":{"rendered":"<p>La jornada 3 del Torneo Apertura \u00abPedro Barri\u00bb fue suspendida en su totalidad en la categor\u00eda mayor, seg\u00fan inform\u00f3 el Presidente de la entidad Hugo Cejas cerca del mediod\u00eda del domingo. La lluvia fue la principal protagonista.<\/p>\n","protected":false},"author":4,"featured_media":16832,"comment_status":"open","ping_status":"closed","sticky":false,"template":"","format":"standard","meta":{"om_disable_all_campaigns":false,"_jetpack_memberships_contains_paid_content":false,"footnotes":""},"categories":[5],"tags":[],"class_list":["post-16831","post","type-post","status-publish","format-standard","has-post-thumbnail","hentry","category-deportes"],"aioseo_notices":[],"gutentor_comment":0,"jetpack_featured_media_url":"https:\/\/eldiariodesanpedro.com.ar\/sitio\/wp-content\/uploads\/2017\/04\/Presidente-de-la-LDS-Hugo-Cejas.jpg","jetpack_shortlink":"https:\/\/wp.me\/p6RhLt-4nt","jetpack_sharing_enabled":true,"_links":{"self":[{"href":"https:\/\/eldiariodesanpedro.com.ar\/sitio\/wp-json\/wp\/v2\/posts\/16831","targetHints":{"allow":["GET"]}}],"collection":[{"href":"https:\/\/eldiariodesanpedro.com.ar\/sitio\/wp-json\/wp\/v2\/posts"}],"about":[{"href":"https:\/\/eldiariodesanpedro.com.ar\/sitio\/wp-json\/wp\/v2\/types\/post"}],"author":[{"embeddable":true,"href":"https:\/\/eldiariodesanpedro.com.ar\/sitio\/wp-json\/wp\/v2\/users\/4"}],"replies":[{"embeddable":true,"href":"https:\/\/eldiariodesanpedro.com.ar\/sitio\/wp-json\/wp\/v2\/comments?post=16831"}],"version-history":[{"count":1,"href":"https:\/\/eldiariodesanpedro.com.ar\/sitio\/wp-json\/wp\/v2\/posts\/16831\/revisions"}],"predecessor-version":[{"id":16833,"href":"https:\/\/eldiariodesanpedro.com.ar\/sitio\/wp-json\/wp\/v2\/posts\/16831\/revisions\/16833"}],"wp:featuredmedia":[{"embeddable":true,"href":"https:\/\/eldiariodesanpedro.com.ar\/sitio\/wp-json\/wp\/v2\/media\/16832"}],"wp:attachment":[{"href":"https:\/\/eldiariodesanpedro.com.ar\/sitio\/wp-json\/wp\/v2\/media?parent=16831"}],"wp:term":[{"taxonomy":"category","embeddable":true,"href":"https:\/\/eldiariodesanpedro.com.ar\/sitio\/wp-json\/wp\/v2\/categories?post=16831"},{"taxonomy":"post_tag","embeddable":true,"href":"https:\/\/eldiariodesanpedro.com.ar\/sitio\/wp-json\/wp\/v2\/tags?post=16831"}],"curies":[{"name":"wp","href":"https:\/\/api.w.org\/{rel}","templated":true}]}}