{"id":16823,"date":"2017-04-02T18:19:00","date_gmt":"2017-04-02T21:19:00","guid":{"rendered":"https:\/\/eldiariodesanpedro.com.ar\/sitio\/?p=16823"},"modified":"2017-04-02T18:19:00","modified_gmt":"2017-04-02T21:19:00","slug":"se-realizo-una-manifestacion-en-apoyo-al-gobierno-y-la-democracia","status":"publish","type":"post","link":"https:\/\/eldiariodesanpedro.com.ar\/sitio\/se-realizo-una-manifestacion-en-apoyo-al-gobierno-y-la-democracia\/","title":{"rendered":"Se realiz\u00f3 una manifestaci\u00f3n en \u201capoyo al Gobierno y la Democracia\u00bb"},"content":{"rendered":"<p><!-- VideographyWP Plugin Message: Automatic video embedding prevented by plugin options. --><br \/>\nCon la consigna \u201c#1A Por la Democracia\u201d se llev\u00f3 a cabo en la Plaza Constituci\u00f3n una concentraci\u00f3n \u201cautoconvocada\u201d en redes sociales a favor del Gobierno de Mauricio Macri y de la Gobernadora Mar\u00eda Eugenia Vidal.<\/p>\n<p>  Esta actividad se replic\u00f3 en otros puntos del Pa\u00eds, mayormente en la Capital Federal. <\/p>\n<p>  En San Pedro el encuentro se desarroll\u00f3 en la Plaza Constituci\u00f3n con una buena cantidad de vecinos que asistieron, n\u00famero que super\u00f3 las 100 personas. Adem\u00e1s, participaron algunos integrantes del Gabinete Municipal como Jonathan Galv\u00e1n, Pablo Quiroga, Karina Chiarella, Eduardo Rolleri, Marcela Cu\u00f1er, Mar\u00eda Jos\u00e9 Mora y Consejeros Escolares.<\/p>\n<p>  En ese sentido, Alejandro S\u00e1nchez de Uni\u00f3n por la Libertad San Pedro ley\u00f3 un documento elaborado por diferentes fracciones pol\u00edticas que integran \u201cCambiemos\u201d:<\/p>\n<p>  \u201cSabemos que es lo que sucede cuando los pueblos callan y los violentos ganan las calles. Todav\u00eda nos pesa el costo que tuvimos que pagar para recuperar nuestra Democracia\u201d, dijo.<\/p>\n<p>  \u201cEste hecho va m\u00e1s all\u00e1 de un gobierno nacional o provincial. Estamos cansados de la violencia, el miedo y el patoterismo. Queremos vivir en una sociedad m\u00e1s justa donde la disidencia no sea un pecado, por eso aportamos a la libertad y al di\u00e1logo e instamos a los dirigentes, pol\u00edticos y sociedad a abandonar antiguas pr\u00e1cticas autoritarias y violentas que atentan contra nuestros derechos b\u00e1sicos como la educaci\u00f3n y el libre tr\u00e1nsito, entre otros\u201d, ley\u00f3 luego.<\/p>\n<p>  \u201cY les recordamos a nuestros Representantes que tienen la obligaci\u00f3n de aunar esfuerzos con el objeto de construir la uni\u00f3n nacional, consolidar la paz interior, promover el bienestar general y asegurar los beneficios de libertad para nosotros y para nuestra posteridad\u201d finalizando al grito de \u201cViva la Patria\u201d.<\/p>\n","protected":false},"excerpt":{"rendered":"<p>Con la consigna \u201c#1A Por la Democracia\u201d se llev\u00f3 a cabo en la Plaza Constituci\u00f3n una concentraci\u00f3n \u201cautoconvocada\u201d en redes sociales a favor del Gobierno de Mauricio Macri y de la Gobernadora Mar\u00eda Eugenia Vidal. Esta actividad se replic\u00f3 en otros puntos del Pa\u00eds, mayormente en la Capital Federal. En San Pedro el encuentro se [&hellip;]<\/p>\n","protected":false},"author":4,"featured_media":16825,"comment_status":"open","ping_status":"closed","sticky":false,"template":"","format":"standard","meta":{"om_disable_all_campaigns":false,"_jetpack_memberships_contains_paid_content":false,"footnotes":""},"categories":[101,2],"tags":[],"class_list":["post-16823","post","type-post","status-publish","format-standard","has-post-thumbnail","hentry","category-interes-general-locales","category-locales"],"aioseo_notices":[],"gutentor_comment":0,"jetpack_featured_media_url":"https:\/\/eldiariodesanpedro.com.ar\/sitio\/wp-content\/uploads\/2017\/04\/marcha.jpg","jetpack_shortlink":"https:\/\/wp.me\/p6RhLt-4nl","jetpack_sharing_enabled":true,"_links":{"self":[{"href":"https:\/\/eldiariodesanpedro.com.ar\/sitio\/wp-json\/wp\/v2\/posts\/16823","targetHints":{"allow":["GET"]}}],"collection":[{"href":"https:\/\/eldiariodesanpedro.com.ar\/sitio\/wp-json\/wp\/v2\/posts"}],"about":[{"href":"https:\/\/eldiariodesanpedro.com.ar\/sitio\/wp-json\/wp\/v2\/types\/post"}],"author":[{"embeddable":true,"href":"https:\/\/eldiariodesanpedro.com.ar\/sitio\/wp-json\/wp\/v2\/users\/4"}],"replies":[{"embeddable":true,"href":"https:\/\/eldiariodesanpedro.com.ar\/sitio\/wp-json\/wp\/v2\/comments?post=16823"}],"version-history":[{"count":1,"href":"https:\/\/eldiariodesanpedro.com.ar\/sitio\/wp-json\/wp\/v2\/posts\/16823\/revisions"}],"predecessor-version":[{"id":16826,"href":"https:\/\/eldiariodesanpedro.com.ar\/sitio\/wp-json\/wp\/v2\/posts\/16823\/revisions\/16826"}],"wp:featuredmedia":[{"embeddable":true,"href":"https:\/\/eldiariodesanpedro.com.ar\/sitio\/wp-json\/wp\/v2\/media\/16825"}],"wp:attachment":[{"href":"https:\/\/eldiariodesanpedro.com.ar\/sitio\/wp-json\/wp\/v2\/media?parent=16823"}],"wp:term":[{"taxonomy":"category","embeddable":true,"href":"https:\/\/eldiariodesanpedro.com.ar\/sitio\/wp-json\/wp\/v2\/categories?post=16823"},{"taxonomy":"post_tag","embeddable":true,"href":"https:\/\/eldiariodesanpedro.com.ar\/sitio\/wp-json\/wp\/v2\/tags?post=16823"}],"curies":[{"name":"wp","href":"https:\/\/api.w.org\/{rel}","templated":true}]}}