{"id":16821,"date":"2017-04-02T18:13:04","date_gmt":"2017-04-02T21:13:04","guid":{"rendered":"https:\/\/eldiariodesanpedro.com.ar\/sitio\/?p=16821"},"modified":"2017-04-02T18:13:04","modified_gmt":"2017-04-02T21:13:04","slug":"salazar-dio-inicio-a-las-sesiones-ordinarias-del-hcd","status":"publish","type":"post","link":"https:\/\/eldiariodesanpedro.com.ar\/sitio\/salazar-dio-inicio-a-las-sesiones-ordinarias-del-hcd\/","title":{"rendered":"Salazar dio inicio a las Sesiones Ordinarias del HCD"},"content":{"rendered":"<p><!-- VideographyWP Plugin Message: Automatic video embedding prevented by plugin options. --><br \/>\n  En un extenso discurso que dur\u00f3 m\u00e1s de una hora, el Intendente Cecilio Salazar brind\u00f3 su mensaje en el marco de la apertura de las Sesiones Ordinarias del HCD. Como usualmente sucede, una vez comenzado el acto, los Presidentes de los distintos bloques pol\u00edticos fueron a buscar al Jefe Comunal que brind\u00f3 a los presentes un repaso por las acciones de gobierno realizadas durante el a\u00f1o pasado y el anuncio de las proyectadas para este 2017.<\/p>\n<p>  Al tiempo que sostuvo: \u201cHa sido cerrado satisfactoriamente con un super\u00e1vit de 15 millones de pesos el ejercicio 2016\u201d y destac\u00f3 las ayudas del Gobierno Nacional y Provincial, sin embargo, aclar\u00f3: \u201cEl problema econ\u00f3mico de la crisis en San Pedro sigue latente\u201d, pero \u201ccon responsabilidad vamos a salir\u201d.<\/p>\n<p>  En el marco de este mensaje, \u201calgo para resaltar en la obra p\u00fablica\u201d. Quiero mencionar y \u201cremarcar la obra de repavimentaci\u00f3n de las Rutas 1001 y 191\u201d se\u00f1al\u00f3 y luego asever\u00f3: \u201cCreo que todav\u00eda nos cuesta tomar conciencia de lo que significa \u00e9sta obra\u201d. Y agreg\u00f3: \u201cHemos comenzado la repavimentaci\u00f3n del camino Crucero General Belgrano\u201d.<\/p>\n<p>  Tambi\u00e9n se refiri\u00f3 a la colocaci\u00f3n de las nuevas bombas, el reemplazo de otras y el arreglo de m\u00e1s de mil p\u00e9rdidas de agua.<\/p>\n<p>  Cont\u00f3 que se recuperaron seis m\u00e1quinas para poder concretar los trabajos de arreglo de los caminos rurales, respondiendo a la gran demanda existente al asumir su gobierno.<\/p>\n<p>  Tambi\u00e9n habl\u00f3 de la \u201cpuesta en valor de la Avenida Costanera\u201d y la remodelaci\u00f3n de la misma.<\/p>\n<p>  Inici\u00f3 el repaso por el \u00e1rea de Salud hablando de la dif\u00edcil situaci\u00f3n del Hospital, heredada de la gesti\u00f3n anterior. \u201cEstaba quebrado, lo recibimos con una carpa blanca\u201d. La Salud P\u00fablica era \u201csostenida a duras penas por empleados y profesionales\u201d y en \u201cpoco m\u00e1s de un a\u00f1o de gesti\u00f3n se han inaugurado las 11 salas de Pediatr\u00eda con 22 camas nuevas. \u201cHace una semana de instal\u00f3 el equipo de acondicionador de aire central para que los chicos se sientan c\u00f3modos junto a sus familiares\u201d.<\/p>\n<p>  \u201cNo vamos a renunciar nuestra convicci\u00f3n de hacer una ciudad m\u00e1s segura\u201d, dijo y a su vez habl\u00f3 del objetivo de concretar un San Pedro m\u00e1s seguro tambi\u00e9n desde la pol\u00edtica de Seguridad Vial. Los controles \u201credujeron los accidentes de tr\u00e1nsito\u201d.<\/p>\n","protected":false},"excerpt":{"rendered":"<p>En un extenso discurso que dur\u00f3 m\u00e1s de una hora, el Intendente Cecilio Salazar brind\u00f3 su mensaje en el marco de la apertura de las Sesiones Ordinarias del HCD. Como usualmente sucede, una vez comenzado el acto, los Presidentes de los distintos bloques pol\u00edticos fueron a buscar al Jefe Comunal que brind\u00f3 a los presentes [&hellip;]<\/p>\n","protected":false},"author":4,"featured_media":16822,"comment_status":"open","ping_status":"closed","sticky":false,"template":"","format":"standard","meta":{"om_disable_all_campaigns":false,"_jetpack_memberships_contains_paid_content":false,"footnotes":""},"categories":[50,2,102],"tags":[],"class_list":["post-16821","post","type-post","status-publish","format-standard","has-post-thumbnail","hentry","category-destacadas","category-locales","category-politica-locales"],"aioseo_notices":[],"gutentor_comment":0,"jetpack_featured_media_url":"https:\/\/eldiariodesanpedro.com.ar\/sitio\/wp-content\/uploads\/2017\/04\/Salazar-brind\u00f3-el-discurso-anual-que-da-inicio-a-las-Sesiones-Ordinarias-del-HCD.jpg","jetpack_shortlink":"https:\/\/wp.me\/p6RhLt-4nj","jetpack_sharing_enabled":true,"_links":{"self":[{"href":"https:\/\/eldiariodesanpedro.com.ar\/sitio\/wp-json\/wp\/v2\/posts\/16821","targetHints":{"allow":["GET"]}}],"collection":[{"href":"https:\/\/eldiariodesanpedro.com.ar\/sitio\/wp-json\/wp\/v2\/posts"}],"about":[{"href":"https:\/\/eldiariodesanpedro.com.ar\/sitio\/wp-json\/wp\/v2\/types\/post"}],"author":[{"embeddable":true,"href":"https:\/\/eldiariodesanpedro.com.ar\/sitio\/wp-json\/wp\/v2\/users\/4"}],"replies":[{"embeddable":true,"href":"https:\/\/eldiariodesanpedro.com.ar\/sitio\/wp-json\/wp\/v2\/comments?post=16821"}],"version-history":[{"count":1,"href":"https:\/\/eldiariodesanpedro.com.ar\/sitio\/wp-json\/wp\/v2\/posts\/16821\/revisions"}],"predecessor-version":[{"id":16824,"href":"https:\/\/eldiariodesanpedro.com.ar\/sitio\/wp-json\/wp\/v2\/posts\/16821\/revisions\/16824"}],"wp:featuredmedia":[{"embeddable":true,"href":"https:\/\/eldiariodesanpedro.com.ar\/sitio\/wp-json\/wp\/v2\/media\/16822"}],"wp:attachment":[{"href":"https:\/\/eldiariodesanpedro.com.ar\/sitio\/wp-json\/wp\/v2\/media?parent=16821"}],"wp:term":[{"taxonomy":"category","embeddable":true,"href":"https:\/\/eldiariodesanpedro.com.ar\/sitio\/wp-json\/wp\/v2\/categories?post=16821"},{"taxonomy":"post_tag","embeddable":true,"href":"https:\/\/eldiariodesanpedro.com.ar\/sitio\/wp-json\/wp\/v2\/tags?post=16821"}],"curies":[{"name":"wp","href":"https:\/\/api.w.org\/{rel}","templated":true}]}}