{"id":16817,"date":"2017-04-02T18:10:18","date_gmt":"2017-04-02T21:10:18","guid":{"rendered":"https:\/\/eldiariodesanpedro.com.ar\/sitio\/?p=16817"},"modified":"2017-04-02T18:10:18","modified_gmt":"2017-04-02T21:10:18","slug":"emotivo-acto-en-homenaje-a-los-caidos-y-veteranos-de-malvinas","status":"publish","type":"post","link":"https:\/\/eldiariodesanpedro.com.ar\/sitio\/emotivo-acto-en-homenaje-a-los-caidos-y-veteranos-de-malvinas\/","title":{"rendered":"Emotivo acto en homenaje a los Ca\u00eddos y Veteranos de Malvinas"},"content":{"rendered":"<p><!-- VideographyWP Plugin Message: Automatic video embedding prevented by plugin options. --><br \/>\n  El acto del D\u00eda del Veterano y Ca\u00eddos en la Guerra de Malvinas tuvo lugar en la Plazoleta Ej\u00e9rcito de los Andes. Cont\u00f3 con la participaci\u00f3n de familiares, vecinos, abanderados de distintos colegios, de instituciones intermedias e integrantes del Gabinete Municipal.<\/p>\n<p>  Tras colocarse las ofrendas florales, se llevaron a cabo los discursos.<\/p>\n<p>\u201cQuisiera comenzar recordando al soldado Jorge Andretta que hace muy poco tiempo nos dej\u00f3, seguramente hoy ocupar\u00e1 el altar de los guardias eternos de nuestra naci\u00f3n\u201d, sostuvo Javier Saucedo, Presidente de la asociaci\u00f3n que nuclea a los veteranos de la ciudad.<\/p>\n<p>  Y agreg\u00f3: \u201cDesde los m\u00e1s profundo de nuestros corazones s\u00f3lo podemos decir que nos dej\u00f3 un gran vac\u00edo, en especial a su familia\u201d. <\/p>\n<p>  Luego expres\u00f3: \u201cYa transcurrieron 35 a\u00f1os de un tiempo en que los argentinos no hemos terminado de comprender y asimilar. Malvinas ser\u00e1 siempre una llama encendida, especialmente para nosotros porque la percepci\u00f3n de la batalla se manifiesta con total indeterminaci\u00f3n en nuestras vidas, las muertes de la posguerra son muestras de ello\u201d. <\/p>\n<p>  Por su parte el Secretario Privado y de Prensa de la Municipalidad de San Pedro, en representaci\u00f3n del Intendente Salazar, se\u00f1al\u00f3: <\/p>\n<p>\u201cUstedes defendieron nuestra Soberan\u00eda con amor, coraje y valent\u00eda. Les encomendaron la misma consigna que hoy, Patria o colonia, unidos o dominados. Se trata de pertenecer o no, de ser o de no ser la Patria. De querer un pa\u00eds unido, soberano, federal e independiente para los argentinos o uno sometido a for\u00e1neos intereses que benefician a unos pocos\u201d.<br \/>\n  Para finalizar, se enton\u00f3 la Marcha de las Malvinas. <\/p>\n","protected":false},"excerpt":{"rendered":"<p>El acto del D\u00eda del Veterano y Ca\u00eddos en la Guerra de Malvinas tuvo lugar en la Plazoleta Ej\u00e9rcito de los Andes. Cont\u00f3 con la participaci\u00f3n de familiares, vecinos, abanderados de distintos colegios, de instituciones intermedias e integrantes del Gabinete Municipal. Tras colocarse las ofrendas florales, se llevaron a cabo los discursos. \u201cQuisiera comenzar recordando [&hellip;]<\/p>\n","protected":false},"author":4,"featured_media":16819,"comment_status":"open","ping_status":"closed","sticky":false,"template":"","format":"standard","meta":{"om_disable_all_campaigns":false,"_jetpack_memberships_contains_paid_content":false,"footnotes":""},"categories":[50,101,2],"tags":[],"class_list":["post-16817","post","type-post","status-publish","format-standard","has-post-thumbnail","hentry","category-destacadas","category-interes-general-locales","category-locales"],"aioseo_notices":[],"gutentor_comment":0,"jetpack_featured_media_url":"https:\/\/eldiariodesanpedro.com.ar\/sitio\/wp-content\/uploads\/2017\/04\/Javier-Saucedo-homenaje-Ca\u00eddos-y-Veteranos-de-Malvinas-.jpg","jetpack_shortlink":"https:\/\/wp.me\/p6RhLt-4nf","jetpack_sharing_enabled":true,"_links":{"self":[{"href":"https:\/\/eldiariodesanpedro.com.ar\/sitio\/wp-json\/wp\/v2\/posts\/16817","targetHints":{"allow":["GET"]}}],"collection":[{"href":"https:\/\/eldiariodesanpedro.com.ar\/sitio\/wp-json\/wp\/v2\/posts"}],"about":[{"href":"https:\/\/eldiariodesanpedro.com.ar\/sitio\/wp-json\/wp\/v2\/types\/post"}],"author":[{"embeddable":true,"href":"https:\/\/eldiariodesanpedro.com.ar\/sitio\/wp-json\/wp\/v2\/users\/4"}],"replies":[{"embeddable":true,"href":"https:\/\/eldiariodesanpedro.com.ar\/sitio\/wp-json\/wp\/v2\/comments?post=16817"}],"version-history":[{"count":1,"href":"https:\/\/eldiariodesanpedro.com.ar\/sitio\/wp-json\/wp\/v2\/posts\/16817\/revisions"}],"predecessor-version":[{"id":16820,"href":"https:\/\/eldiariodesanpedro.com.ar\/sitio\/wp-json\/wp\/v2\/posts\/16817\/revisions\/16820"}],"wp:featuredmedia":[{"embeddable":true,"href":"https:\/\/eldiariodesanpedro.com.ar\/sitio\/wp-json\/wp\/v2\/media\/16819"}],"wp:attachment":[{"href":"https:\/\/eldiariodesanpedro.com.ar\/sitio\/wp-json\/wp\/v2\/media?parent=16817"}],"wp:term":[{"taxonomy":"category","embeddable":true,"href":"https:\/\/eldiariodesanpedro.com.ar\/sitio\/wp-json\/wp\/v2\/categories?post=16817"},{"taxonomy":"post_tag","embeddable":true,"href":"https:\/\/eldiariodesanpedro.com.ar\/sitio\/wp-json\/wp\/v2\/tags?post=16817"}],"curies":[{"name":"wp","href":"https:\/\/api.w.org\/{rel}","templated":true}]}}