{"id":16815,"date":"2017-04-02T18:08:04","date_gmt":"2017-04-02T21:08:04","guid":{"rendered":"https:\/\/eldiariodesanpedro.com.ar\/sitio\/?p=16815"},"modified":"2017-04-02T18:08:04","modified_gmt":"2017-04-02T21:08:04","slug":"delincuentes-robaron-a-un-matrimonio-mayor-en-el-paraje-espinillo","status":"publish","type":"post","link":"https:\/\/eldiariodesanpedro.com.ar\/sitio\/delincuentes-robaron-a-un-matrimonio-mayor-en-el-paraje-espinillo\/","title":{"rendered":"Delincuentes robaron a un matrimonio mayor en el Paraje Espinillo"},"content":{"rendered":"<p><!-- VideographyWP Plugin Message: Automatic video embedding prevented by plugin options. --><br \/>\n  Dos sujetos armados ingresaron a la vivienda que se encuentra en la finca y sorprendieron a la pareja de avanzada edad. Ten\u00edan el rostro semi-cubierto y tras intimidarlos exigi\u00e9ndoles dinero, los maniataron.<\/p>\n<p>  Los delincuentes pudieron hacerse de una suma no precisada de dinero en efectivo y tambi\u00e9n de elementos electr\u00f3nicos, para luego darse a la fuga.<\/p>\n<p>  Tras haber sido revisados por un profesional m\u00e9dico, adem\u00e1s del shock emocional, se pudo constatar que ten\u00edan lesiones leves.<\/p>\n<p>  La causa fue caratulada por la UFI interviniente como \u201cRobo Agravado por el Uso de Arma de Fuego\u201d.<\/p>\n","protected":false},"excerpt":{"rendered":"<p>Dos sujetos armados ingresaron a la vivienda que se encuentra en la finca y sorprendieron a la pareja de avanzada edad. Ten\u00edan el rostro semi-cubierto y tras intimidarlos exigi\u00e9ndoles dinero, los maniataron. Los delincuentes pudieron hacerse de una suma no precisada de dinero en efectivo y tambi\u00e9n de elementos electr\u00f3nicos, para luego darse a la [&hellip;]<\/p>\n","protected":false},"author":4,"featured_media":8212,"comment_status":"open","ping_status":"closed","sticky":false,"template":"","format":"standard","meta":{"om_disable_all_campaigns":false,"_jetpack_memberships_contains_paid_content":false,"footnotes":""},"categories":[2,103],"tags":[],"class_list":["post-16815","post","type-post","status-publish","format-standard","has-post-thumbnail","hentry","category-locales","category-policiales-locales"],"aioseo_notices":[],"gutentor_comment":0,"jetpack_featured_media_url":"https:\/\/eldiariodesanpedro.com.ar\/sitio\/wp-content\/uploads\/2016\/09\/arma-de-fuego.jpg","jetpack_shortlink":"https:\/\/wp.me\/p6RhLt-4nd","jetpack_sharing_enabled":true,"_links":{"self":[{"href":"https:\/\/eldiariodesanpedro.com.ar\/sitio\/wp-json\/wp\/v2\/posts\/16815","targetHints":{"allow":["GET"]}}],"collection":[{"href":"https:\/\/eldiariodesanpedro.com.ar\/sitio\/wp-json\/wp\/v2\/posts"}],"about":[{"href":"https:\/\/eldiariodesanpedro.com.ar\/sitio\/wp-json\/wp\/v2\/types\/post"}],"author":[{"embeddable":true,"href":"https:\/\/eldiariodesanpedro.com.ar\/sitio\/wp-json\/wp\/v2\/users\/4"}],"replies":[{"embeddable":true,"href":"https:\/\/eldiariodesanpedro.com.ar\/sitio\/wp-json\/wp\/v2\/comments?post=16815"}],"version-history":[{"count":1,"href":"https:\/\/eldiariodesanpedro.com.ar\/sitio\/wp-json\/wp\/v2\/posts\/16815\/revisions"}],"predecessor-version":[{"id":16818,"href":"https:\/\/eldiariodesanpedro.com.ar\/sitio\/wp-json\/wp\/v2\/posts\/16815\/revisions\/16818"}],"wp:featuredmedia":[{"embeddable":true,"href":"https:\/\/eldiariodesanpedro.com.ar\/sitio\/wp-json\/wp\/v2\/media\/8212"}],"wp:attachment":[{"href":"https:\/\/eldiariodesanpedro.com.ar\/sitio\/wp-json\/wp\/v2\/media?parent=16815"}],"wp:term":[{"taxonomy":"category","embeddable":true,"href":"https:\/\/eldiariodesanpedro.com.ar\/sitio\/wp-json\/wp\/v2\/categories?post=16815"},{"taxonomy":"post_tag","embeddable":true,"href":"https:\/\/eldiariodesanpedro.com.ar\/sitio\/wp-json\/wp\/v2\/tags?post=16815"}],"curies":[{"name":"wp","href":"https:\/\/api.w.org\/{rel}","templated":true}]}}