{"id":16811,"date":"2017-04-02T18:05:18","date_gmt":"2017-04-02T21:05:18","guid":{"rendered":"https:\/\/eldiariodesanpedro.com.ar\/sitio\/?p=16811"},"modified":"2017-04-02T18:05:18","modified_gmt":"2017-04-02T21:05:18","slug":"detienen-a-un-sujeto-con-pedido-de-paradero-activo-por-homicidio","status":"publish","type":"post","link":"https:\/\/eldiariodesanpedro.com.ar\/sitio\/detienen-a-un-sujeto-con-pedido-de-paradero-activo-por-homicidio\/","title":{"rendered":"Detienen a un sujeto con pedido de paradero activo por homicidio"},"content":{"rendered":"<p><!-- VideographyWP Plugin Message: Automatic video embedding prevented by plugin options. --><br \/>\nEn la tarde de este s\u00e1bado, personal policial de la Comisar\u00eda en conjunto con efectivos del CPR Rural aprehendieron a Agust\u00edn Orlando L\u00f3pez C\u00e1ceres, quien tiene un pedido de paradero activo desde el a\u00f1o 2011 por un hecho de \u201chomicidio\u201d, requerido por la UFI N\u00b0 4 de Quilmes.<\/p>\n<p>  El sujeto ingresaba a la ciudad por Ruta 1001 y en el desv\u00edo a Papel Prensa, donde se hallaba un control policial se pudo constatar quien era y que ten\u00eda causas pendientes con la Justicia.<\/p>\n","protected":false},"excerpt":{"rendered":"<p>En la tarde de este s\u00e1bado, personal policial de la Comisar\u00eda en conjunto con efectivos del CPR Rural aprehendieron a Agust\u00edn Orlando L\u00f3pez C\u00e1ceres, quien tiene un pedido de paradero activo desde el a\u00f1o 2011 por un hecho de \u201chomicidio\u201d, requerido por la UFI N\u00b0 4 de Quilmes. El sujeto ingresaba a la ciudad por [&hellip;]<\/p>\n","protected":false},"author":4,"featured_media":5796,"comment_status":"open","ping_status":"closed","sticky":false,"template":"","format":"standard","meta":{"om_disable_all_campaigns":false,"_jetpack_memberships_contains_paid_content":false,"footnotes":""},"categories":[2,103],"tags":[],"class_list":["post-16811","post","type-post","status-publish","format-standard","has-post-thumbnail","hentry","category-locales","category-policiales-locales"],"aioseo_notices":[],"gutentor_comment":0,"jetpack_featured_media_url":"https:\/\/eldiariodesanpedro.com.ar\/sitio\/wp-content\/uploads\/2016\/07\/0007654707-1.jpg","jetpack_shortlink":"https:\/\/wp.me\/p6RhLt-4n9","jetpack_sharing_enabled":true,"_links":{"self":[{"href":"https:\/\/eldiariodesanpedro.com.ar\/sitio\/wp-json\/wp\/v2\/posts\/16811","targetHints":{"allow":["GET"]}}],"collection":[{"href":"https:\/\/eldiariodesanpedro.com.ar\/sitio\/wp-json\/wp\/v2\/posts"}],"about":[{"href":"https:\/\/eldiariodesanpedro.com.ar\/sitio\/wp-json\/wp\/v2\/types\/post"}],"author":[{"embeddable":true,"href":"https:\/\/eldiariodesanpedro.com.ar\/sitio\/wp-json\/wp\/v2\/users\/4"}],"replies":[{"embeddable":true,"href":"https:\/\/eldiariodesanpedro.com.ar\/sitio\/wp-json\/wp\/v2\/comments?post=16811"}],"version-history":[{"count":1,"href":"https:\/\/eldiariodesanpedro.com.ar\/sitio\/wp-json\/wp\/v2\/posts\/16811\/revisions"}],"predecessor-version":[{"id":16814,"href":"https:\/\/eldiariodesanpedro.com.ar\/sitio\/wp-json\/wp\/v2\/posts\/16811\/revisions\/16814"}],"wp:featuredmedia":[{"embeddable":true,"href":"https:\/\/eldiariodesanpedro.com.ar\/sitio\/wp-json\/wp\/v2\/media\/5796"}],"wp:attachment":[{"href":"https:\/\/eldiariodesanpedro.com.ar\/sitio\/wp-json\/wp\/v2\/media?parent=16811"}],"wp:term":[{"taxonomy":"category","embeddable":true,"href":"https:\/\/eldiariodesanpedro.com.ar\/sitio\/wp-json\/wp\/v2\/categories?post=16811"},{"taxonomy":"post_tag","embeddable":true,"href":"https:\/\/eldiariodesanpedro.com.ar\/sitio\/wp-json\/wp\/v2\/tags?post=16811"}],"curies":[{"name":"wp","href":"https:\/\/api.w.org\/{rel}","templated":true}]}}