{"id":16806,"date":"2017-04-02T18:03:59","date_gmt":"2017-04-02T21:03:59","guid":{"rendered":"https:\/\/eldiariodesanpedro.com.ar\/sitio\/?p=16806"},"modified":"2017-04-02T18:03:59","modified_gmt":"2017-04-02T21:03:59","slug":"campana-facundo-manes-brindo-una-destacada-conferencia-ante-2500-personas","status":"publish","type":"post","link":"https:\/\/eldiariodesanpedro.com.ar\/sitio\/campana-facundo-manes-brindo-una-destacada-conferencia-ante-2500-personas\/","title":{"rendered":"CAMPANA: Facundo Manes brind\u00f3 una destacada conferencia ante 2500 personas"},"content":{"rendered":"<p><!-- VideographyWP Plugin Message: Automatic video embedding prevented by plugin options. --><br \/>\nEl reconocido neur\u00f3logo fue recibido por el Intendente Abella, quien le entreg\u00f3 el escudo her\u00e1ldico destac\u00e1ndolo como ciudadano ilustre. Durante el evento Manes disert\u00f3 sobre \u00abEl conocimiento del cerebro\u00bb neurociencia y educaci\u00f3n.<\/p>\n<p>  Organizada por el Municipio, la conferencia tuvo lugar en el Club Ciudad de Campana y su entrada era libre y gratuita. Asistieron y disfrutaron de la misma unos 2500 vecinos y tambi\u00e9n Secretarios del Ejecutivo, funcionarios y Concejales. <\/p>\n<p>  El reconocido neur\u00f3logo y neurocient\u00edfico Facundo Manes disert\u00f3 sobre \u00abEl valor del conocimiento\u00bb y desarroll\u00f3 la neurociencia, la educaci\u00f3n y la importancia de construir una sociedad m\u00e1s igualitaria, en el marco de la presentaci\u00f3n de su nuevo libro \u00abEl cerebro argentino\u00bb.<\/p>\n<p>  Manes fue recibido por el Intendente Sebasti\u00e1n Abella, quien le hizo entrega de una r\u00e9plica del primer autom\u00f3vil argentino \u2013elaborado por un artesano local- y el escudo her\u00e1ldico que lo destaca como ciudadano ilustre de Campana.<\/p>\n<p>  \u00abHemos trabajado mucho para realizar este evento\u00bb, coment\u00f3 orgulloso el Jefe Comunal y luego agradeci\u00f3 a su equipo, al de Facundo Manes y a todos los vecinos presentes \u00abpor hacer realidad este encuentro\u00bb.<\/p>\n<p>  Durante la jornada, el neurocient\u00edfico -creador del Instituto de Neurolog\u00eda Cognitiva, Presidente de la Fundaci\u00f3n INECO y Rector de la Universidad Favaloro- cautiv\u00f3 al p\u00fablico con sus conocimientos y experiencias.<\/p>\n<p>  \u00abEs un enorme placer estar en Campana, le agradezco a Sebasti\u00e1n por invitarme, por su generosidad y por comprometerse con el pa\u00eds y por ayudar a su comunidad\u00bb, expres\u00f3 Manes ante los 2500 vecinos que se dieron cita en el Club Ciudad.<\/p>\n<p>  En tanto, a\u00f1adi\u00f3 que \u00abel argentino necesita ser creativo para proyectar un futuro y evitar pensar en el pasado y en el corto plazo\u00bb.<\/p>\n<p>  Y enfatiz\u00f3: \u00abTenemos que unirnos todos por un mejor paradigma, para las pr\u00f3ximas generaciones y no para las pr\u00f3ximas elecciones\u00bb.<\/p>\n<p>  Adem\u00e1s, brind\u00f3 detalles de las neurociencias, la inteligencia colectiva, las emociones y la creatividad.<\/p>\n<p>  Y, tras la charla, convers\u00f3 y se fotografi\u00f3 con decenas de vecinos, y tambi\u00e9n firm\u00f3 libros de su autor\u00eda. Del ingreso por la venta de los ejemplares, una parte fue donada la Cooperadora del Hospital Municipal San Jos\u00e9. (http:\/\/www.campananoticias.com)<\/p>\n","protected":false},"excerpt":{"rendered":"<p>El reconocido neur\u00f3logo fue recibido por el Intendente Abella, quien le entreg\u00f3 el escudo her\u00e1ldico destac\u00e1ndolo como ciudadano ilustre. Durante el evento Manes disert\u00f3 sobre \u00abEl conocimiento del cerebro\u00bb neurociencia y educaci\u00f3n. Organizada por el Municipio, la conferencia tuvo lugar en el Club Ciudad de Campana y su entrada era libre y gratuita. Asistieron y [&hellip;]<\/p>\n","protected":false},"author":4,"featured_media":16808,"comment_status":"open","ping_status":"closed","sticky":false,"template":"","format":"standard","meta":{"om_disable_all_campaigns":false,"_jetpack_memberships_contains_paid_content":false,"footnotes":""},"categories":[621],"tags":[],"class_list":["post-16806","post","type-post","status-publish","format-standard","has-post-thumbnail","hentry","category-regionales"],"aioseo_notices":[],"gutentor_comment":0,"jetpack_featured_media_url":"https:\/\/eldiariodesanpedro.com.ar\/sitio\/wp-content\/uploads\/2017\/04\/Facundo-Manes-conferencia.jpg","jetpack_shortlink":"https:\/\/wp.me\/p6RhLt-4n4","jetpack_sharing_enabled":true,"_links":{"self":[{"href":"https:\/\/eldiariodesanpedro.com.ar\/sitio\/wp-json\/wp\/v2\/posts\/16806","targetHints":{"allow":["GET"]}}],"collection":[{"href":"https:\/\/eldiariodesanpedro.com.ar\/sitio\/wp-json\/wp\/v2\/posts"}],"about":[{"href":"https:\/\/eldiariodesanpedro.com.ar\/sitio\/wp-json\/wp\/v2\/types\/post"}],"author":[{"embeddable":true,"href":"https:\/\/eldiariodesanpedro.com.ar\/sitio\/wp-json\/wp\/v2\/users\/4"}],"replies":[{"embeddable":true,"href":"https:\/\/eldiariodesanpedro.com.ar\/sitio\/wp-json\/wp\/v2\/comments?post=16806"}],"version-history":[{"count":1,"href":"https:\/\/eldiariodesanpedro.com.ar\/sitio\/wp-json\/wp\/v2\/posts\/16806\/revisions"}],"predecessor-version":[{"id":16812,"href":"https:\/\/eldiariodesanpedro.com.ar\/sitio\/wp-json\/wp\/v2\/posts\/16806\/revisions\/16812"}],"wp:featuredmedia":[{"embeddable":true,"href":"https:\/\/eldiariodesanpedro.com.ar\/sitio\/wp-json\/wp\/v2\/media\/16808"}],"wp:attachment":[{"href":"https:\/\/eldiariodesanpedro.com.ar\/sitio\/wp-json\/wp\/v2\/media?parent=16806"}],"wp:term":[{"taxonomy":"category","embeddable":true,"href":"https:\/\/eldiariodesanpedro.com.ar\/sitio\/wp-json\/wp\/v2\/categories?post=16806"},{"taxonomy":"post_tag","embeddable":true,"href":"https:\/\/eldiariodesanpedro.com.ar\/sitio\/wp-json\/wp\/v2\/tags?post=16806"}],"curies":[{"name":"wp","href":"https:\/\/api.w.org\/{rel}","templated":true}]}}