{"id":16805,"date":"2017-04-02T18:01:41","date_gmt":"2017-04-02T21:01:41","guid":{"rendered":"https:\/\/eldiariodesanpedro.com.ar\/sitio\/?p=16805"},"modified":"2017-04-02T18:01:41","modified_gmt":"2017-04-02T21:01:41","slug":"baradero-denuncian-que-una-camioneta-quiso-secuestrar-dos-chicas","status":"publish","type":"post","link":"https:\/\/eldiariodesanpedro.com.ar\/sitio\/baradero-denuncian-que-una-camioneta-quiso-secuestrar-dos-chicas\/","title":{"rendered":"BARADERO: Denuncian que una camioneta quiso secuestrar dos chicas"},"content":{"rendered":"<p><!-- VideographyWP Plugin Message: Automatic video embedding prevented by plugin options. --><br \/>\n  Valeria, una vecina de nuestra ciudad, difundi\u00f3 una advertencia en los grupos de compra y venta de la red social Facebook en donde cuenta una situaci\u00f3n que vivi\u00f3 la hija de una amiga de ella. All\u00ed, habla de un intento de secuestro durante las primeras horas de la tarde de este jueves.<\/p>\n<p>  Lo sucedido fue denunciado en la Comisar\u00eda Comunal y as\u00ed lo comunicaron en el parte de prensa:<\/p>\n<p>  \u201cEn el d\u00eda de ayer se iniciaron actuaciones correspondientes, ya que siendo las 15:30 hs. dos j\u00f3venes de 12 a\u00f1os de edad se encontraban en la intersecci\u00f3n de las calles Acevedo y Anchorena, cuando se detiene una camioneta de color blanco desde la cual desciende una persona de sexo masculino de alrededor de 50 a\u00f1os de edad. Este masculino no manifiesta palabra alguna como tampoco realiza ninguna acci\u00f3n, sin embargo, las j\u00f3venes se asustan y corren por calle Anchorena hacia Passo, advirtiendo que la camioneta hab\u00eda continuado la marcha por lo que siguen por Passo hasta calle Laprida donde dan aviso a Sede Policial.<\/p>\n<p>  La actitud y accionar del masculino en cuesti\u00f3n y del que conduc\u00eda la camioneta, no configura ning\u00fan tipo de delito. Una de las posibles hip\u00f3tesis que se manejan, podr\u00eda ser el resultado de la sugesti\u00f3n generada por los recientes comentarios radiales y v\u00eda redes sociales sobre posibles hechos de intentos de privaci\u00f3n ilegal de la libertad.<\/p>\n<p>  Desde Polic\u00eda se investiga el hecho a efectos de identificar a dichas personas y veh\u00edculo, tendiente a prevenir alguna posible modalidad delictiva. Agreg\u00e1ndose tambi\u00e9n que, ante la posibilidad de que dichas personas nunca hayan tenido una actitud maliciosa, ser\u00eda conveniente que se presentaran en forma espont\u00e1nea en Sede Policial a los fines de su identificaci\u00f3n.<\/p>\n<p>  Actualmente las actuaciones fueron rotuladas como DENUNCIA con intervenci\u00f3n de la UFI N\u00b0 8 del Depto. Judicial San Nicol\u00e1s. (Tu L\u00ednea Directa)<\/p>\n","protected":false},"excerpt":{"rendered":"<p>Valeria, una vecina de nuestra ciudad, difundi\u00f3 una advertencia en los grupos de compra y venta de la red social Facebook en donde cuenta una situaci\u00f3n que vivi\u00f3 la hija de una amiga de ella. All\u00ed, habla de un intento de secuestro durante las primeras horas de la tarde de este jueves. Lo sucedido fue [&hellip;]<\/p>\n","protected":false},"author":4,"featured_media":2680,"comment_status":"open","ping_status":"closed","sticky":false,"template":"","format":"standard","meta":{"om_disable_all_campaigns":false,"_jetpack_memberships_contains_paid_content":false,"footnotes":""},"categories":[621],"tags":[],"class_list":["post-16805","post","type-post","status-publish","format-standard","has-post-thumbnail","hentry","category-regionales"],"aioseo_notices":[],"gutentor_comment":0,"jetpack_featured_media_url":"https:\/\/eldiariodesanpedro.com.ar\/sitio\/wp-content\/uploads\/2016\/04\/patrullero.jpg","jetpack_shortlink":"https:\/\/wp.me\/p6RhLt-4n3","jetpack_sharing_enabled":true,"_links":{"self":[{"href":"https:\/\/eldiariodesanpedro.com.ar\/sitio\/wp-json\/wp\/v2\/posts\/16805","targetHints":{"allow":["GET"]}}],"collection":[{"href":"https:\/\/eldiariodesanpedro.com.ar\/sitio\/wp-json\/wp\/v2\/posts"}],"about":[{"href":"https:\/\/eldiariodesanpedro.com.ar\/sitio\/wp-json\/wp\/v2\/types\/post"}],"author":[{"embeddable":true,"href":"https:\/\/eldiariodesanpedro.com.ar\/sitio\/wp-json\/wp\/v2\/users\/4"}],"replies":[{"embeddable":true,"href":"https:\/\/eldiariodesanpedro.com.ar\/sitio\/wp-json\/wp\/v2\/comments?post=16805"}],"version-history":[{"count":1,"href":"https:\/\/eldiariodesanpedro.com.ar\/sitio\/wp-json\/wp\/v2\/posts\/16805\/revisions"}],"predecessor-version":[{"id":16807,"href":"https:\/\/eldiariodesanpedro.com.ar\/sitio\/wp-json\/wp\/v2\/posts\/16805\/revisions\/16807"}],"wp:featuredmedia":[{"embeddable":true,"href":"https:\/\/eldiariodesanpedro.com.ar\/sitio\/wp-json\/wp\/v2\/media\/2680"}],"wp:attachment":[{"href":"https:\/\/eldiariodesanpedro.com.ar\/sitio\/wp-json\/wp\/v2\/media?parent=16805"}],"wp:term":[{"taxonomy":"category","embeddable":true,"href":"https:\/\/eldiariodesanpedro.com.ar\/sitio\/wp-json\/wp\/v2\/categories?post=16805"},{"taxonomy":"post_tag","embeddable":true,"href":"https:\/\/eldiariodesanpedro.com.ar\/sitio\/wp-json\/wp\/v2\/tags?post=16805"}],"curies":[{"name":"wp","href":"https:\/\/api.w.org\/{rel}","templated":true}]}}