{"id":16796,"date":"2017-04-01T12:16:49","date_gmt":"2017-04-01T15:16:49","guid":{"rendered":"https:\/\/eldiariodesanpedro.com.ar\/sitio\/?p=16796"},"modified":"2017-04-01T12:16:49","modified_gmt":"2017-04-01T15:16:49","slug":"robaron-una-finca-en-el-espinillo-en-la-casa-de-dos-abuelos","status":"publish","type":"post","link":"https:\/\/eldiariodesanpedro.com.ar\/sitio\/robaron-una-finca-en-el-espinillo-en-la-casa-de-dos-abuelos\/","title":{"rendered":"Robaron una finca en El Espinillo en la casa de dos abuelos"},"content":{"rendered":"<p><!-- VideographyWP Plugin Message: Automatic video embedding prevented by plugin options. --><br \/>\nEn la madrugada de hoy alrededor de las 04:00 se tom\u00f3 conocimiento a ra\u00edz de un llamado telef\u00f3nico al destacamento de Gobernador Castro que en un vivienda ubicada en el Paraje el Espinillo en la zona rural hab\u00eda ocurrido un hecho delictivo. <\/p>\n<p>En la casa viven dos abuelos quienes al llegar la polic\u00eda cuentan que fueron sorprendidos por el ingreso a la finca por dos hombres que llevaban el rostro semicubierto quienes intimidaron con armas de fuego a las v\u00edctimas y las dejaron maniatados y quienes sufrieron heridas leves. <\/p>\n<p>Los delincuente se llevaron dinero en efectivo y elemento electr\u00f3nicos d\u00e1ndose posteriormente a la fuga. <\/p>\n<p>Interviene la instructora judicial de turno quien dispuso la caratula del hecho y encarg\u00e1ndose de la investigaci\u00f3n solicitando la colaboraci\u00f3n de la sub DDI San Pedro Baradero. <\/p>\n","protected":false},"excerpt":{"rendered":"<p>En la madrugada de hoy alrededor de las 04:00 se tom\u00f3 conocimiento a ra\u00edz de un llamado telef\u00f3nico al destacamento de Gobernador Castro que en un vivienda ubicada en el Paraje el Espinillo en la zona rural hab\u00eda ocurrido un hecho delictivo. En la casa viven dos abuelos quienes al llegar la polic\u00eda cuentan que [&hellip;]<\/p>\n","protected":false},"author":4,"featured_media":5165,"comment_status":"open","ping_status":"closed","sticky":false,"template":"","format":"standard","meta":{"om_disable_all_campaigns":false,"_jetpack_memberships_contains_paid_content":false,"footnotes":""},"categories":[2,103],"tags":[],"class_list":["post-16796","post","type-post","status-publish","format-standard","has-post-thumbnail","hentry","category-locales","category-policiales-locales"],"aioseo_notices":[],"gutentor_comment":0,"jetpack_featured_media_url":"https:\/\/eldiariodesanpedro.com.ar\/sitio\/wp-content\/uploads\/2016\/06\/policia-rural.jpg","jetpack_shortlink":"https:\/\/wp.me\/p6RhLt-4mU","jetpack_sharing_enabled":true,"_links":{"self":[{"href":"https:\/\/eldiariodesanpedro.com.ar\/sitio\/wp-json\/wp\/v2\/posts\/16796","targetHints":{"allow":["GET"]}}],"collection":[{"href":"https:\/\/eldiariodesanpedro.com.ar\/sitio\/wp-json\/wp\/v2\/posts"}],"about":[{"href":"https:\/\/eldiariodesanpedro.com.ar\/sitio\/wp-json\/wp\/v2\/types\/post"}],"author":[{"embeddable":true,"href":"https:\/\/eldiariodesanpedro.com.ar\/sitio\/wp-json\/wp\/v2\/users\/4"}],"replies":[{"embeddable":true,"href":"https:\/\/eldiariodesanpedro.com.ar\/sitio\/wp-json\/wp\/v2\/comments?post=16796"}],"version-history":[{"count":1,"href":"https:\/\/eldiariodesanpedro.com.ar\/sitio\/wp-json\/wp\/v2\/posts\/16796\/revisions"}],"predecessor-version":[{"id":16797,"href":"https:\/\/eldiariodesanpedro.com.ar\/sitio\/wp-json\/wp\/v2\/posts\/16796\/revisions\/16797"}],"wp:featuredmedia":[{"embeddable":true,"href":"https:\/\/eldiariodesanpedro.com.ar\/sitio\/wp-json\/wp\/v2\/media\/5165"}],"wp:attachment":[{"href":"https:\/\/eldiariodesanpedro.com.ar\/sitio\/wp-json\/wp\/v2\/media?parent=16796"}],"wp:term":[{"taxonomy":"category","embeddable":true,"href":"https:\/\/eldiariodesanpedro.com.ar\/sitio\/wp-json\/wp\/v2\/categories?post=16796"},{"taxonomy":"post_tag","embeddable":true,"href":"https:\/\/eldiariodesanpedro.com.ar\/sitio\/wp-json\/wp\/v2\/tags?post=16796"}],"curies":[{"name":"wp","href":"https:\/\/api.w.org\/{rel}","templated":true}]}}