{"id":16783,"date":"2017-03-31T21:49:14","date_gmt":"2017-04-01T00:49:14","guid":{"rendered":"https:\/\/eldiariodesanpedro.com.ar\/sitio\/?p=16783"},"modified":"2017-03-31T21:49:14","modified_gmt":"2017-04-01T00:49:14","slug":"accidente-entre-tres-vehiculos-en-el-centro","status":"publish","type":"post","link":"https:\/\/eldiariodesanpedro.com.ar\/sitio\/accidente-entre-tres-vehiculos-en-el-centro\/","title":{"rendered":"Accidente entre tres veh\u00edculos en el centro"},"content":{"rendered":"<p><!-- VideographyWP Plugin Message: Automatic video embedding prevented by plugin options. --><br \/>\nEn la noche de hoy alrededor de las 21:30 horas se produjo un accidente de tr\u00e1nsito entre tres autom\u00f3viles Volkswagwen, un Gol, una Suran y un Polo. <\/p>\n<p>El accidente de tr\u00e1nsito no produjo heridos y tampoco grandes da\u00f1os materiales en los veh\u00edculos. <\/p>\n","protected":false},"excerpt":{"rendered":"<p>En la noche de hoy alrededor de las 21:30 horas se produjo un accidente de tr\u00e1nsito entre tres autom\u00f3viles Volkswagwen, un Gol, una Suran y un Polo. El accidente de tr\u00e1nsito no produjo heridos y tampoco grandes da\u00f1os materiales en los veh\u00edculos.<\/p>\n","protected":false},"author":4,"featured_media":16785,"comment_status":"open","ping_status":"closed","sticky":false,"template":"","format":"standard","meta":{"om_disable_all_campaigns":false,"_jetpack_memberships_contains_paid_content":false,"footnotes":""},"categories":[2,103],"tags":[],"class_list":["post-16783","post","type-post","status-publish","format-standard","has-post-thumbnail","hentry","category-locales","category-policiales-locales"],"aioseo_notices":[],"gutentor_comment":0,"jetpack_featured_media_url":"https:\/\/eldiariodesanpedro.com.ar\/sitio\/wp-content\/uploads\/2017\/03\/IMG_20170331_214022821-e1491007695749.jpg","jetpack_shortlink":"https:\/\/wp.me\/p6RhLt-4mH","jetpack_sharing_enabled":true,"_links":{"self":[{"href":"https:\/\/eldiariodesanpedro.com.ar\/sitio\/wp-json\/wp\/v2\/posts\/16783","targetHints":{"allow":["GET"]}}],"collection":[{"href":"https:\/\/eldiariodesanpedro.com.ar\/sitio\/wp-json\/wp\/v2\/posts"}],"about":[{"href":"https:\/\/eldiariodesanpedro.com.ar\/sitio\/wp-json\/wp\/v2\/types\/post"}],"author":[{"embeddable":true,"href":"https:\/\/eldiariodesanpedro.com.ar\/sitio\/wp-json\/wp\/v2\/users\/4"}],"replies":[{"embeddable":true,"href":"https:\/\/eldiariodesanpedro.com.ar\/sitio\/wp-json\/wp\/v2\/comments?post=16783"}],"version-history":[{"count":1,"href":"https:\/\/eldiariodesanpedro.com.ar\/sitio\/wp-json\/wp\/v2\/posts\/16783\/revisions"}],"predecessor-version":[{"id":16784,"href":"https:\/\/eldiariodesanpedro.com.ar\/sitio\/wp-json\/wp\/v2\/posts\/16783\/revisions\/16784"}],"wp:featuredmedia":[{"embeddable":true,"href":"https:\/\/eldiariodesanpedro.com.ar\/sitio\/wp-json\/wp\/v2\/media\/16785"}],"wp:attachment":[{"href":"https:\/\/eldiariodesanpedro.com.ar\/sitio\/wp-json\/wp\/v2\/media?parent=16783"}],"wp:term":[{"taxonomy":"category","embeddable":true,"href":"https:\/\/eldiariodesanpedro.com.ar\/sitio\/wp-json\/wp\/v2\/categories?post=16783"},{"taxonomy":"post_tag","embeddable":true,"href":"https:\/\/eldiariodesanpedro.com.ar\/sitio\/wp-json\/wp\/v2\/tags?post=16783"}],"curies":[{"name":"wp","href":"https:\/\/api.w.org\/{rel}","templated":true}]}}