{"id":16774,"date":"2017-03-31T20:34:04","date_gmt":"2017-03-31T23:34:04","guid":{"rendered":"https:\/\/eldiariodesanpedro.com.ar\/sitio\/?p=16774"},"modified":"2017-03-31T21:05:28","modified_gmt":"2017-04-01T00:05:28","slug":"jorge-macri-el-foro-se-va-consolidando","status":"publish","type":"post","link":"https:\/\/eldiariodesanpedro.com.ar\/sitio\/jorge-macri-el-foro-se-va-consolidando\/","title":{"rendered":"Jorge Macri: \u00abEl foro se va consolidando\u00bb"},"content":{"rendered":"<p><!-- VideographyWP Plugin Message: Automatic video embedding prevented by plugin options. --><br \/>\nSobre algunos puntos del encuentro, el Intedente de Vicente L\u00f3pez, Jorge Macri, enfatiz\u00f3: \u201cEstuvimos trabajando mucho en como acelerar las obras para tratar de llegar cada vez m\u00e1s r\u00e1pido al rinc\u00f3n de la provincia con esas promesas que durante tanto tiempo existieron y que no se cumplieron, obras prometidas durante a\u00f1os que van llegando, rutas, obras h\u00eddricas, agua, cloacas, cord\u00f3n cuneta, iluminaci\u00f3n\u201d.<\/p>\n<p>\u201cEstamos muy entusiasmados y ya definiendo la pr\u00f3xima reuni\u00f3n que va a ser en la ciudad de La Plata con la tem\u00e1tica de pol\u00edticas sociales y de seguridad. Va a ser una jornada extensa de todo el d\u00eda, as\u00ed que iremos Intendentes con representantes de algunas \u00e1reas de los municipios para seguir mejorando la gesti\u00f3n que nos apasiona\u201d, dijo luego.<\/p>\n<p>Asimismo asever\u00f3: \u201cHa sido una reuni\u00f3n de las mejores que hemos tenido, el foro se va consolidando, las confianzas est\u00e1n cada vez m\u00e1s s\u00f3lidas\u201d.<\/p>\n","protected":false},"excerpt":{"rendered":"<p>Sobre algunos puntos del encuentro, el Intedente de Vicente L\u00f3pez, Jorge Macri, enfatiz\u00f3: \u201cEstuvimos trabajando mucho en como acelerar las obras para tratar de llegar cada vez m\u00e1s r\u00e1pido al rinc\u00f3n de la provincia con esas promesas que durante tanto tiempo existieron y que no se cumplieron, obras prometidas durante a\u00f1os que van llegando, rutas, [&hellip;]<\/p>\n","protected":false},"author":4,"featured_media":16780,"comment_status":"open","ping_status":"closed","sticky":false,"template":"","format":"standard","meta":{"om_disable_all_campaigns":false,"_jetpack_memberships_contains_paid_content":false,"footnotes":""},"categories":[50,2,102],"tags":[],"class_list":["post-16774","post","type-post","status-publish","format-standard","has-post-thumbnail","hentry","category-destacadas","category-locales","category-politica-locales"],"aioseo_notices":[],"gutentor_comment":0,"jetpack_featured_media_url":"https:\/\/eldiariodesanpedro.com.ar\/sitio\/wp-content\/uploads\/2017\/03\/macri-1.jpg","jetpack_shortlink":"https:\/\/wp.me\/p6RhLt-4my","jetpack_sharing_enabled":true,"_links":{"self":[{"href":"https:\/\/eldiariodesanpedro.com.ar\/sitio\/wp-json\/wp\/v2\/posts\/16774","targetHints":{"allow":["GET"]}}],"collection":[{"href":"https:\/\/eldiariodesanpedro.com.ar\/sitio\/wp-json\/wp\/v2\/posts"}],"about":[{"href":"https:\/\/eldiariodesanpedro.com.ar\/sitio\/wp-json\/wp\/v2\/types\/post"}],"author":[{"embeddable":true,"href":"https:\/\/eldiariodesanpedro.com.ar\/sitio\/wp-json\/wp\/v2\/users\/4"}],"replies":[{"embeddable":true,"href":"https:\/\/eldiariodesanpedro.com.ar\/sitio\/wp-json\/wp\/v2\/comments?post=16774"}],"version-history":[{"count":2,"href":"https:\/\/eldiariodesanpedro.com.ar\/sitio\/wp-json\/wp\/v2\/posts\/16774\/revisions"}],"predecessor-version":[{"id":16777,"href":"https:\/\/eldiariodesanpedro.com.ar\/sitio\/wp-json\/wp\/v2\/posts\/16774\/revisions\/16777"}],"wp:featuredmedia":[{"embeddable":true,"href":"https:\/\/eldiariodesanpedro.com.ar\/sitio\/wp-json\/wp\/v2\/media\/16780"}],"wp:attachment":[{"href":"https:\/\/eldiariodesanpedro.com.ar\/sitio\/wp-json\/wp\/v2\/media?parent=16774"}],"wp:term":[{"taxonomy":"category","embeddable":true,"href":"https:\/\/eldiariodesanpedro.com.ar\/sitio\/wp-json\/wp\/v2\/categories?post=16774"},{"taxonomy":"post_tag","embeddable":true,"href":"https:\/\/eldiariodesanpedro.com.ar\/sitio\/wp-json\/wp\/v2\/tags?post=16774"}],"curies":[{"name":"wp","href":"https:\/\/api.w.org\/{rel}","templated":true}]}}