{"id":16771,"date":"2017-03-31T20:28:29","date_gmt":"2017-03-31T23:28:29","guid":{"rendered":"https:\/\/eldiariodesanpedro.com.ar\/sitio\/?p=16771"},"modified":"2017-03-31T20:28:29","modified_gmt":"2017-03-31T23:28:29","slug":"pena-vamos-a-confrontar-contra-el-pasado-que-nos-llevo-al-fracaso","status":"publish","type":"post","link":"https:\/\/eldiariodesanpedro.com.ar\/sitio\/pena-vamos-a-confrontar-contra-el-pasado-que-nos-llevo-al-fracaso\/","title":{"rendered":"Pe\u00f1a: \u00abVamos a confrontar contra el pasado que nos llev\u00f3 al fracaso\u00bb"},"content":{"rendered":"<p><!-- VideographyWP Plugin Message: Automatic video embedding prevented by plugin options. --><br \/>\nEl jefe de Gabinete, Marcos Pe\u00f1a, particip\u00f3 hoy del Foro de Intendentes de Cambiemos de la provincia de Buenos Aires y, de cara a las elecciones legislativas, hizo un llamado \u00aba confrontar contra el pasado\u00bb que llev\u00f3 al pa\u00eds \u00abal fracaso\u00bb.<\/p>\n<p>Ante los jefes comunales, Pe\u00f1a convoc\u00f3 a reforzar \u00abla construcci\u00f3n pol\u00edtica y territorial y la unidad de valores\u00bb de Cambiemos.<\/p>\n<p>Seg\u00fan resalto, el desaf\u00edo de las elecciones legislativas de este a\u00f1o es confrontar contra \u00ablas d\u00e9cadas de fracaso que ha tenido el pa\u00eds\u00bb.<\/p>\n<p>\u00abMuchas veces nos dicen que queremos confrontar con el kirchnerismo, pero no es as\u00ed\u00bb, asegur\u00f3 Pe\u00f1a, al hablar en el Foro de Intendentes de Cambiemos de la provincia de Buenos Aires, que deliber\u00f3 en la ciudad de San Pedro.<\/p>\n<p>Ante unos 70 mandatarios comunales, el jefe de ministros se\u00f1al\u00f3: \u00abQueremos confrontar con un pasado que tenemos que cambiar y que no es propiedad de nadie. Y que tiene que ver con d\u00e9cadas de fracaso que generaron la pobreza, la desigualdad y el problema educativo\u00bb.<\/p>\n<p>Del encuentro tambi\u00e9n participaron el secretario general de la Presidencia, Fernando de Andreis, y el ministro de Producci\u00f3n Francisco Cabrera, entre otros dirigentes.<\/p>\n<p>\u00abTodos los que estamos ac\u00e1 nos unimos para cambiar nuestro pa\u00eds y proyectar una realidad distinta, m\u00e1s all\u00e1 de nuestras pertenencias pol\u00edticas\u00bb, destac\u00f3 Pe\u00f1a.<\/p>\n<p>Sostuvo que en las elecciones legislativas de este a\u00f1o \u00abest\u00e1 en juego la posibilidad de consolidar una alternativa pol\u00edtica de como se debe gobernar, convivir y trabajar en nuestro pa\u00eds\u00bb.<\/p>\n<p>Indic\u00f3, al respecto, que ese desaf\u00edo hay que afrontrarlo \u00abtrabajando como un gran equipo, m\u00e1s all\u00e1 de los cargos, porque desde el Presidente para abajo\u00bb todos son \u00abmilitantes y voluntarios de este proyecto de cambio\u00bb.<\/p>\n<p>\u00abLa gente que nos vot\u00f3 sigue estando ah\u00ed y lo \u00fanico que no nos va a perdonar es si nos siente lejos y no comprometidos con esta monumental tarea que tenemos por delante\u00bb, agreg\u00f3 el funcionario nacional.<\/p>\n<p>El jefe de Gabinete habl\u00f3 luego de las palabras de bienvenida que dio a sus colegas el intendente de San Pedro, Cecilio Salazar, quien comparti\u00f3 la cabecera del encuentro junto a los funcionarios nacionales y el intendente de Vicente L\u00f3pez, Jorge Macri.<\/p>\n","protected":false},"excerpt":{"rendered":"<p>El jefe de Gabinete, Marcos Pe\u00f1a, particip\u00f3 hoy del Foro de Intendentes de Cambiemos de la provincia de Buenos Aires y, de cara a las elecciones legislativas, hizo un llamado \u00aba confrontar contra el pasado\u00bb que llev\u00f3 al pa\u00eds \u00abal fracaso\u00bb. Ante los jefes comunales, Pe\u00f1a convoc\u00f3 a reforzar \u00abla construcci\u00f3n pol\u00edtica y territorial y [&hellip;]<\/p>\n","protected":false},"author":4,"featured_media":16772,"comment_status":"open","ping_status":"closed","sticky":false,"template":"","format":"standard","meta":{"om_disable_all_campaigns":false,"_jetpack_memberships_contains_paid_content":false,"footnotes":""},"categories":[50,2,102],"tags":[],"class_list":["post-16771","post","type-post","status-publish","format-standard","has-post-thumbnail","hentry","category-destacadas","category-locales","category-politica-locales"],"aioseo_notices":[],"gutentor_comment":0,"jetpack_featured_media_url":"https:\/\/eldiariodesanpedro.com.ar\/sitio\/wp-content\/uploads\/2017\/03\/PAGINA-5-1.jpg","jetpack_shortlink":"https:\/\/wp.me\/p6RhLt-4mv","jetpack_sharing_enabled":true,"_links":{"self":[{"href":"https:\/\/eldiariodesanpedro.com.ar\/sitio\/wp-json\/wp\/v2\/posts\/16771","targetHints":{"allow":["GET"]}}],"collection":[{"href":"https:\/\/eldiariodesanpedro.com.ar\/sitio\/wp-json\/wp\/v2\/posts"}],"about":[{"href":"https:\/\/eldiariodesanpedro.com.ar\/sitio\/wp-json\/wp\/v2\/types\/post"}],"author":[{"embeddable":true,"href":"https:\/\/eldiariodesanpedro.com.ar\/sitio\/wp-json\/wp\/v2\/users\/4"}],"replies":[{"embeddable":true,"href":"https:\/\/eldiariodesanpedro.com.ar\/sitio\/wp-json\/wp\/v2\/comments?post=16771"}],"version-history":[{"count":1,"href":"https:\/\/eldiariodesanpedro.com.ar\/sitio\/wp-json\/wp\/v2\/posts\/16771\/revisions"}],"predecessor-version":[{"id":16773,"href":"https:\/\/eldiariodesanpedro.com.ar\/sitio\/wp-json\/wp\/v2\/posts\/16771\/revisions\/16773"}],"wp:featuredmedia":[{"embeddable":true,"href":"https:\/\/eldiariodesanpedro.com.ar\/sitio\/wp-json\/wp\/v2\/media\/16772"}],"wp:attachment":[{"href":"https:\/\/eldiariodesanpedro.com.ar\/sitio\/wp-json\/wp\/v2\/media?parent=16771"}],"wp:term":[{"taxonomy":"category","embeddable":true,"href":"https:\/\/eldiariodesanpedro.com.ar\/sitio\/wp-json\/wp\/v2\/categories?post=16771"},{"taxonomy":"post_tag","embeddable":true,"href":"https:\/\/eldiariodesanpedro.com.ar\/sitio\/wp-json\/wp\/v2\/tags?post=16771"}],"curies":[{"name":"wp","href":"https:\/\/api.w.org\/{rel}","templated":true}]}}