{"id":16766,"date":"2017-03-31T20:21:03","date_gmt":"2017-03-31T23:21:03","guid":{"rendered":"https:\/\/eldiariodesanpedro.com.ar\/sitio\/?p=16766"},"modified":"2026-01-24T00:26:46","modified_gmt":"2026-01-24T03:26:46","slug":"basquet-amistosos-entre-parana-y-sportivo","status":"publish","type":"post","link":"https:\/\/eldiariodesanpedro.com.ar\/sitio\/basquet-amistosos-entre-parana-y-sportivo\/","title":{"rendered":"B\u00c1SQUET: Amistosos entre Paran\u00e1 y Sportivo"},"content":{"rendered":"<p><!-- VideographyWP Plugin Message: Automatic video embedding prevented by plugin options. --><br \/>\n La primera divisi\u00f3n y maxi de Paran\u00e1 FC y Sportivo Baradero jugaron d\u00edas pasados cotejos amistosos en el sal\u00f3n de Paran\u00e1. En la foto los planteles del club sampedrino.<\/p>\n","protected":false},"excerpt":{"rendered":"<p>La primera divisi\u00f3n y maxi de Paran\u00e1 FC y Sportivo Baradero jugaron d\u00edas pasados cotejos amistosos en el sal\u00f3n de Paran\u00e1. En la foto los planteles del club sampedrino.<\/p>\n","protected":false},"author":4,"featured_media":16767,"comment_status":"open","ping_status":"closed","sticky":false,"template":"","format":"standard","meta":{"om_disable_all_campaigns":false,"_jetpack_memberships_contains_paid_content":false,"footnotes":""},"categories":[5],"tags":[],"class_list":["post-16766","post","type-post","status-publish","format-standard","has-post-thumbnail","hentry","category-deportes"],"aioseo_notices":[],"gutentor_comment":0,"jetpack_featured_media_url":"https:\/\/eldiariodesanpedro.com.ar\/sitio\/wp-content\/uploads\/2017\/03\/Paran\u00e1-FC-B\u00e1squet-2017.jpg","jetpack_shortlink":"https:\/\/wp.me\/p6RhLt-4mq","jetpack_sharing_enabled":true,"_links":{"self":[{"href":"https:\/\/eldiariodesanpedro.com.ar\/sitio\/wp-json\/wp\/v2\/posts\/16766","targetHints":{"allow":["GET"]}}],"collection":[{"href":"https:\/\/eldiariodesanpedro.com.ar\/sitio\/wp-json\/wp\/v2\/posts"}],"about":[{"href":"https:\/\/eldiariodesanpedro.com.ar\/sitio\/wp-json\/wp\/v2\/types\/post"}],"author":[{"embeddable":true,"href":"https:\/\/eldiariodesanpedro.com.ar\/sitio\/wp-json\/wp\/v2\/users\/4"}],"replies":[{"embeddable":true,"href":"https:\/\/eldiariodesanpedro.com.ar\/sitio\/wp-json\/wp\/v2\/comments?post=16766"}],"version-history":[{"count":1,"href":"https:\/\/eldiariodesanpedro.com.ar\/sitio\/wp-json\/wp\/v2\/posts\/16766\/revisions"}],"predecessor-version":[{"id":16768,"href":"https:\/\/eldiariodesanpedro.com.ar\/sitio\/wp-json\/wp\/v2\/posts\/16766\/revisions\/16768"}],"wp:featuredmedia":[{"embeddable":true,"href":"https:\/\/eldiariodesanpedro.com.ar\/sitio\/wp-json\/wp\/v2\/media\/16767"}],"wp:attachment":[{"href":"https:\/\/eldiariodesanpedro.com.ar\/sitio\/wp-json\/wp\/v2\/media?parent=16766"}],"wp:term":[{"taxonomy":"category","embeddable":true,"href":"https:\/\/eldiariodesanpedro.com.ar\/sitio\/wp-json\/wp\/v2\/categories?post=16766"},{"taxonomy":"post_tag","embeddable":true,"href":"https:\/\/eldiariodesanpedro.com.ar\/sitio\/wp-json\/wp\/v2\/tags?post=16766"}],"curies":[{"name":"wp","href":"https:\/\/api.w.org\/{rel}","templated":true}]}}