{"id":16755,"date":"2017-03-31T20:25:17","date_gmt":"2017-03-31T23:25:17","guid":{"rendered":"https:\/\/eldiariodesanpedro.com.ar\/sitio\/?p=16755"},"modified":"2017-03-31T20:25:17","modified_gmt":"2017-03-31T23:25:17","slug":"con-clima-electoral-se-reunio-el-foro-de-intendentes-de-cambiemos-en-san-pedro","status":"publish","type":"post","link":"https:\/\/eldiariodesanpedro.com.ar\/sitio\/con-clima-electoral-se-reunio-el-foro-de-intendentes-de-cambiemos-en-san-pedro\/","title":{"rendered":"Con clima electoral, se reuni\u00f3 el Foro de Intendentes de Cambiemos en San Pedro"},"content":{"rendered":"<p><!-- VideographyWP Plugin Message: Automatic video embedding prevented by plugin options. --><br \/>\nSe reuni\u00f3 nuevamente el Foro de Intendentes de Cambiemos. En este caso, en nuestra localidad donde el jefe de Gabinete Marcos Pe\u00f1a encabez\u00f3 el encuentro. El plenario congreg\u00f3 a gran cantidad de intendentes de Cambiemos de la Provincia de Buenos Aires, adem\u00e1s de funcionarios nacionales y provinciales.<\/p>\n<p>La jornada se desarroll\u00f3 en el Hotel Marinas HJ, fue la octava edici\u00f3n del Foro de intendentes y tuvo un clima pre-electoral, ya que se analizaron  aspectos referidos a la campa\u00f1a en territorio bonaerense. Seg\u00fan adelant\u00f3 el presidente Macri, el pr\u00f3ximo encuentro se desarrollar\u00e1 en La Plata. En dicha ocasi\u00f3n estar\u00e1n presentes funcionarios de todas las \u00e1reas del Ejecutivo bonaerense.<\/p>\n<p>Adem\u00e1s del Jefe de Gabinete Marcos Pe\u00f1a, participaron el Ministro de Producci\u00f3n Francisco Cabrera, el secretario general de la Presidencia Fernando De Andrei, el secretario de Seguridad Eugenio Burzaco y el de Seguridad Interior Gerardo Milman, el Secretario de Integraci\u00f3n Productiva del Ministerio de Producci\u00f3n de Naci\u00f3n Fernando Premoli, y el subsecretario de PYME Federico Zin y emprendedores del Ministerio de Producci\u00f3n de la Provincia de Buenos Aires.  Alex Campbell, el subsecretario de Gobierno y Asuntos Municipales bonaerense, tambi\u00e9n estuvo presente.<\/p>\n<p>Alejandro Federico de Suipacha, Facundo Castelli de Puan, Carlos Berterret de Coronel Pringles, V\u00edctor Aiola de Chacabuco, Jorge Hern\u00e1ndez de Salliquel\u00f3, Javier Olaeta de Arrecifes, Julio Garro de La Plata, Nicol\u00e1s Ducote de Pilar, Dar\u00edo Kubar de General Rodr\u00edguez, Mart\u00edn Yeza de Pinamar, Calixto Tellechea de  Florentino Ameghino, Jorge Macri de Vicente L\u00f3pez, Esteban Santoro de General Madariaga, Guillermo Pacheco de Pellegrini, Miguel Fern\u00e1ndez de Trenque Lauquen, David Hirtz de Adolfo Alsina, Eduardo Campana de General Villegas, Osvaldo Din\u00e1poli de General Belgrano, Carlos Ronda de Mar Chiquita, Salvador Serenal de Lincoln, Mart\u00edn Randazzo de General La Madrid, Javier Mart\u00ednez de Pergamino, Pablo Zubiaurre de Ayacucho, Jos\u00e9 Luis Salom\u00f3n de Saladillo, Roberto Palacio de Coronel Su\u00e1rez, Oscar Luciani de Luj\u00e1n, Miguel \u00c1ngel Gargaglione de San Cayetano, Jorge Etcheverry de Lobos, Vicente Gatica de Bragado, Erica Revilla de General Arenales, Diego Valenzuela de Tres de Febrero, Fernanda Antonijvic de Baradero y Cecilio Salazar (el anfitri\u00f3n) de San Pedro.<\/p>\n","protected":false},"excerpt":{"rendered":"<p>Se reuni\u00f3 nuevamente el Foro de Intendentes de Cambiemos. En este caso, en nuestra localidad donde el jefe de Gabinete Marcos Pe\u00f1a encabez\u00f3 el encuentro. El plenario congreg\u00f3 a gran cantidad de intendentes de Cambiemos de la Provincia de Buenos Aires, adem\u00e1s de funcionarios nacionales y provinciales. La jornada se desarroll\u00f3 en el Hotel Marinas [&hellip;]<\/p>\n","protected":false},"author":4,"featured_media":16722,"comment_status":"open","ping_status":"closed","sticky":false,"template":"","format":"standard","meta":{"om_disable_all_campaigns":false,"_jetpack_memberships_contains_paid_content":false,"footnotes":""},"categories":[50,2,102],"tags":[],"class_list":["post-16755","post","type-post","status-publish","format-standard","has-post-thumbnail","hentry","category-destacadas","category-locales","category-politica-locales"],"aioseo_notices":[],"gutentor_comment":0,"jetpack_featured_media_url":"https:\/\/eldiariodesanpedro.com.ar\/sitio\/wp-content\/uploads\/2017\/03\/DSC_0045-e1490972280444.jpg","jetpack_shortlink":"https:\/\/wp.me\/p6RhLt-4mf","jetpack_sharing_enabled":true,"_links":{"self":[{"href":"https:\/\/eldiariodesanpedro.com.ar\/sitio\/wp-json\/wp\/v2\/posts\/16755","targetHints":{"allow":["GET"]}}],"collection":[{"href":"https:\/\/eldiariodesanpedro.com.ar\/sitio\/wp-json\/wp\/v2\/posts"}],"about":[{"href":"https:\/\/eldiariodesanpedro.com.ar\/sitio\/wp-json\/wp\/v2\/types\/post"}],"author":[{"embeddable":true,"href":"https:\/\/eldiariodesanpedro.com.ar\/sitio\/wp-json\/wp\/v2\/users\/4"}],"replies":[{"embeddable":true,"href":"https:\/\/eldiariodesanpedro.com.ar\/sitio\/wp-json\/wp\/v2\/comments?post=16755"}],"version-history":[{"count":1,"href":"https:\/\/eldiariodesanpedro.com.ar\/sitio\/wp-json\/wp\/v2\/posts\/16755\/revisions"}],"predecessor-version":[{"id":16770,"href":"https:\/\/eldiariodesanpedro.com.ar\/sitio\/wp-json\/wp\/v2\/posts\/16755\/revisions\/16770"}],"wp:featuredmedia":[{"embeddable":true,"href":"https:\/\/eldiariodesanpedro.com.ar\/sitio\/wp-json\/wp\/v2\/media\/16722"}],"wp:attachment":[{"href":"https:\/\/eldiariodesanpedro.com.ar\/sitio\/wp-json\/wp\/v2\/media?parent=16755"}],"wp:term":[{"taxonomy":"category","embeddable":true,"href":"https:\/\/eldiariodesanpedro.com.ar\/sitio\/wp-json\/wp\/v2\/categories?post=16755"},{"taxonomy":"post_tag","embeddable":true,"href":"https:\/\/eldiariodesanpedro.com.ar\/sitio\/wp-json\/wp\/v2\/tags?post=16755"}],"curies":[{"name":"wp","href":"https:\/\/api.w.org\/{rel}","templated":true}]}}