{"id":16742,"date":"2017-03-31T18:45:45","date_gmt":"2017-03-31T21:45:45","guid":{"rendered":"https:\/\/eldiariodesanpedro.com.ar\/sitio\/?p=16742"},"modified":"2017-03-31T18:45:45","modified_gmt":"2017-03-31T21:45:45","slug":"zarate-crimen-de-juan-manuel-macedo-testigos-reconocieron-al-principal-sospechoso-en-una-rueda-de-reconocimiento","status":"publish","type":"post","link":"https:\/\/eldiariodesanpedro.com.ar\/sitio\/zarate-crimen-de-juan-manuel-macedo-testigos-reconocieron-al-principal-sospechoso-en-una-rueda-de-reconocimiento\/","title":{"rendered":"Z\u00c1RATE, Crimen de Juan Manuel Macedo: testigos reconocieron al principal sospechoso en una rueda de reconocimiento"},"content":{"rendered":"<p><!-- VideographyWP Plugin Message: Automatic video embedding prevented by plugin options. --><br \/>\nConfirmado por el titular de la Comisar\u00eda 1ra de Z\u00e1rate, Comisario Arturo Errecalde. El principal sospechoso de haber asesinado a Juan Manuel Macedo fue reconocido por testigos en una rueda de reconocimiento realizada este mi\u00e9rcoles en Campana.<\/p>\n<p>\u201cHablando con el instructor que lleva la causa, me inform\u00f3 que hicieron cinco ruedas de reconocimiento, una de ellas por el hecho de Juan Manuel Macedo. Los resultados fueron positivos, varios testigos reconocieron que fue la persona que lo mat\u00f3\u201d explic\u00f3.<\/p>\n<p>El detenido es mayor de edad, de unos 30 a\u00f1os, es oriundo de la ciudad, ya tiene antecedentes por robo y fue la persona que investig\u00f3 la dependencia local estas \u00faltimas semanas. Hab\u00eda sido detenido en una vivienda de 3 de Febrero al 1300.<\/p>\n<p>\u201cEstamos tranquilos, es la persona que seguiamos. Se hizo un buen trabajo en base a las c\u00e1maras de seguridad y filmaciones. Un testigo lo sigui\u00f3 y lo reconoci\u00f3 en el barrio, ayud\u00f3 much\u00edsimo a establecer la identidad\u201d asegur\u00f3 Errecalde.<\/p>\n<p>Actualmente se encuentra alojado en Escobar a la espera de ser trasladado a una unidad carcelaria. (http:\/\/www.enlacecritico.com)<\/p>\n","protected":false},"excerpt":{"rendered":"<p>Confirmado por el titular de la Comisar\u00eda 1ra de Z\u00e1rate, Comisario Arturo Errecalde. El principal sospechoso de haber asesinado a Juan Manuel Macedo fue reconocido por testigos en una rueda de reconocimiento realizada este mi\u00e9rcoles en Campana. \u201cHablando con el instructor que lleva la causa, me inform\u00f3 que hicieron cinco ruedas de reconocimiento, una de [&hellip;]<\/p>\n","protected":false},"author":4,"featured_media":16744,"comment_status":"open","ping_status":"closed","sticky":false,"template":"","format":"standard","meta":{"om_disable_all_campaigns":false,"_jetpack_memberships_contains_paid_content":false,"footnotes":""},"categories":[621],"tags":[],"class_list":["post-16742","post","type-post","status-publish","format-standard","has-post-thumbnail","hentry","category-regionales"],"aioseo_notices":[],"gutentor_comment":0,"jetpack_featured_media_url":"https:\/\/eldiariodesanpedro.com.ar\/sitio\/wp-content\/uploads\/2017\/03\/detenido-Crimen-de-Juan-Manuel-Macedo.jpg","jetpack_shortlink":"https:\/\/wp.me\/p6RhLt-4m2","jetpack_sharing_enabled":true,"_links":{"self":[{"href":"https:\/\/eldiariodesanpedro.com.ar\/sitio\/wp-json\/wp\/v2\/posts\/16742","targetHints":{"allow":["GET"]}}],"collection":[{"href":"https:\/\/eldiariodesanpedro.com.ar\/sitio\/wp-json\/wp\/v2\/posts"}],"about":[{"href":"https:\/\/eldiariodesanpedro.com.ar\/sitio\/wp-json\/wp\/v2\/types\/post"}],"author":[{"embeddable":true,"href":"https:\/\/eldiariodesanpedro.com.ar\/sitio\/wp-json\/wp\/v2\/users\/4"}],"replies":[{"embeddable":true,"href":"https:\/\/eldiariodesanpedro.com.ar\/sitio\/wp-json\/wp\/v2\/comments?post=16742"}],"version-history":[{"count":1,"href":"https:\/\/eldiariodesanpedro.com.ar\/sitio\/wp-json\/wp\/v2\/posts\/16742\/revisions"}],"predecessor-version":[{"id":16745,"href":"https:\/\/eldiariodesanpedro.com.ar\/sitio\/wp-json\/wp\/v2\/posts\/16742\/revisions\/16745"}],"wp:featuredmedia":[{"embeddable":true,"href":"https:\/\/eldiariodesanpedro.com.ar\/sitio\/wp-json\/wp\/v2\/media\/16744"}],"wp:attachment":[{"href":"https:\/\/eldiariodesanpedro.com.ar\/sitio\/wp-json\/wp\/v2\/media?parent=16742"}],"wp:term":[{"taxonomy":"category","embeddable":true,"href":"https:\/\/eldiariodesanpedro.com.ar\/sitio\/wp-json\/wp\/v2\/categories?post=16742"},{"taxonomy":"post_tag","embeddable":true,"href":"https:\/\/eldiariodesanpedro.com.ar\/sitio\/wp-json\/wp\/v2\/tags?post=16742"}],"curies":[{"name":"wp","href":"https:\/\/api.w.org\/{rel}","templated":true}]}}