{"id":16739,"date":"2017-03-31T18:39:36","date_gmt":"2017-03-31T21:39:36","guid":{"rendered":"https:\/\/eldiariodesanpedro.com.ar\/sitio\/?p=16739"},"modified":"2017-03-31T18:39:36","modified_gmt":"2017-03-31T21:39:36","slug":"se-realizo-importante-reunion-para-avanzar-con-la-universidad-en-san-nicolas","status":"publish","type":"post","link":"https:\/\/eldiariodesanpedro.com.ar\/sitio\/se-realizo-importante-reunion-para-avanzar-con-la-universidad-en-san-nicolas\/","title":{"rendered":"Se realiz\u00f3 importante reuni\u00f3n para avanzar con la Universidad en San Nicol\u00e1s"},"content":{"rendered":"<p><!-- VideographyWP Plugin Message: Automatic video embedding prevented by plugin options. --><br \/>\nSe realiz\u00f3 un encuentro entre el Intendente Passaglia y distintos sectores de la comunidad. Se abordaron distintos temas vinculados a las carreras universitarias dependientes de la UNNOBA que comenzar\u00e1 a funcionar en 2018 en nuestra ciudad.<\/p>\n<p>El Intendente Passaglia se reuni\u00f3 con distintos representantes de instituciones educativas y empresariales para continuar con los detalles de la conformaci\u00f3n de la UNNOBA (Universidad Nacional del Noreste de la provincia de Buenos Aires) en nuestra ciudad.<\/p>\n<p>En esta ocasi\u00f3n, se dieron los primeros pasos para crear el Consejo Consultivo Universitario y definir sus objetivos. Dicha entidad decidir\u00e1 con qu\u00e9 instituciones y actores actuar\u00e1 conjuntamente, adem\u00e1s de las estrategias tales como el an\u00e1lisis de la demanda de cada sector productivo de la ciudad y en consecuencia, las carreras que dictar\u00e1 nuestra universidad. (http:\/\/www.diarioelnorte.com.ar)<\/p>\n","protected":false},"excerpt":{"rendered":"<p>Se realiz\u00f3 un encuentro entre el Intendente Passaglia y distintos sectores de la comunidad. Se abordaron distintos temas vinculados a las carreras universitarias dependientes de la UNNOBA que comenzar\u00e1 a funcionar en 2018 en nuestra ciudad. El Intendente Passaglia se reuni\u00f3 con distintos representantes de instituciones educativas y empresariales para continuar con los detalles de [&hellip;]<\/p>\n","protected":false},"author":4,"featured_media":16741,"comment_status":"open","ping_status":"closed","sticky":false,"template":"","format":"standard","meta":{"om_disable_all_campaigns":false,"_jetpack_memberships_contains_paid_content":false,"footnotes":""},"categories":[621],"tags":[],"class_list":["post-16739","post","type-post","status-publish","format-standard","has-post-thumbnail","hentry","category-regionales"],"aioseo_notices":[],"gutentor_comment":0,"jetpack_featured_media_url":"https:\/\/eldiariodesanpedro.com.ar\/sitio\/wp-content\/uploads\/2017\/03\/encuentro-de-autoridades-san-nicolas.jpg","jetpack_shortlink":"https:\/\/wp.me\/p6RhLt-4lZ","jetpack_sharing_enabled":true,"_links":{"self":[{"href":"https:\/\/eldiariodesanpedro.com.ar\/sitio\/wp-json\/wp\/v2\/posts\/16739","targetHints":{"allow":["GET"]}}],"collection":[{"href":"https:\/\/eldiariodesanpedro.com.ar\/sitio\/wp-json\/wp\/v2\/posts"}],"about":[{"href":"https:\/\/eldiariodesanpedro.com.ar\/sitio\/wp-json\/wp\/v2\/types\/post"}],"author":[{"embeddable":true,"href":"https:\/\/eldiariodesanpedro.com.ar\/sitio\/wp-json\/wp\/v2\/users\/4"}],"replies":[{"embeddable":true,"href":"https:\/\/eldiariodesanpedro.com.ar\/sitio\/wp-json\/wp\/v2\/comments?post=16739"}],"version-history":[{"count":1,"href":"https:\/\/eldiariodesanpedro.com.ar\/sitio\/wp-json\/wp\/v2\/posts\/16739\/revisions"}],"predecessor-version":[{"id":16743,"href":"https:\/\/eldiariodesanpedro.com.ar\/sitio\/wp-json\/wp\/v2\/posts\/16739\/revisions\/16743"}],"wp:featuredmedia":[{"embeddable":true,"href":"https:\/\/eldiariodesanpedro.com.ar\/sitio\/wp-json\/wp\/v2\/media\/16741"}],"wp:attachment":[{"href":"https:\/\/eldiariodesanpedro.com.ar\/sitio\/wp-json\/wp\/v2\/media?parent=16739"}],"wp:term":[{"taxonomy":"category","embeddable":true,"href":"https:\/\/eldiariodesanpedro.com.ar\/sitio\/wp-json\/wp\/v2\/categories?post=16739"},{"taxonomy":"post_tag","embeddable":true,"href":"https:\/\/eldiariodesanpedro.com.ar\/sitio\/wp-json\/wp\/v2\/tags?post=16739"}],"curies":[{"name":"wp","href":"https:\/\/api.w.org\/{rel}","templated":true}]}}