{"id":16738,"date":"2017-03-31T18:38:55","date_gmt":"2017-03-31T21:38:55","guid":{"rendered":"https:\/\/eldiariodesanpedro.com.ar\/sitio\/?p=16738"},"modified":"2017-03-31T18:38:55","modified_gmt":"2017-03-31T21:38:55","slug":"continuan-los-trabajos-de-coopser-en-diferentes-puntos-de-la-ciudad","status":"publish","type":"post","link":"https:\/\/eldiariodesanpedro.com.ar\/sitio\/continuan-los-trabajos-de-coopser-en-diferentes-puntos-de-la-ciudad\/","title":{"rendered":"Contin\u00faan los trabajos de Coopser en diferentes puntos de la ciudad"},"content":{"rendered":"<p><!-- VideographyWP Plugin Message: Automatic video embedding prevented by plugin options. --><br \/>\nLas cuadrillas del sector el\u00e9ctrico de COOPSER contin\u00faan trabajando en diferentes puntos de la ciudad y del interior del Partido atendiendo tareas planificadas y adem\u00e1s la normalizaci\u00f3n del servicio en todas las zonas que fueron afectadas por las \u00faltimas tormentas.<\/p>\n<p>Se concret\u00f3 un corte programado en la l\u00ednea de 33KV para realizar mantenimiento en cabina y red de media tensi\u00f3n de Terminal Puerto San Pedro. <\/p>\n<p>Concluy\u00f3 la normalizaci\u00f3n del anillo 13,2 Coopser &#8211; EDEN &#8211; Colonia Velaz, Perez Mill\u00e1n y la normalizaci\u00f3n del 2-14 con maniobras y reparaciones.<\/p>\n<p>Est\u00e1 en pleno desarrollo el recambio de luminarias de alumbrado p\u00fablico solicitado por la Municipalidad con un presupuesto de mano de obra aproximado de 240.000 pesos. <\/p>\n<p>En el proyecto de la Cooperativa Nuestro Sue\u00f1o, se extiende la l\u00ednea a\u00e9rea en baja tensi\u00f3n trif\u00e1sica con cable preensamblado para llevar servicio a 30 usuarios y con un presupuesto aproximado de 55.000 pesos.  Para la firma San Pedro Arenas S.A. se efect\u00faan trabajos para aumento de potencia, cambio de transformador y acometida con un presupuesto de 398.000 pesos. <\/p>\n<p>En otros proyectos para  loteos o desarrollos privados, se ampl\u00eda la l\u00ednea a\u00e9rea en baja tensi\u00f3n de monof\u00e1sica preensamblada a trif\u00e1sica preensamblada y se reestructura la l\u00ednea a\u00e9rea en baja tensi\u00f3n trif\u00e1sica preensamblada.  Finalmente sigue la atenci\u00f3n de reclamos y especialmente la normalizaci\u00f3n de la postaci\u00f3n m\u00e1s afectada por la tormenta. (31\/03\/2017).<\/p>\n","protected":false},"excerpt":{"rendered":"<p>Las cuadrillas del sector el\u00e9ctrico de COOPSER contin\u00faan trabajando en diferentes puntos de la ciudad y del interior del Partido atendiendo tareas planificadas y adem\u00e1s la normalizaci\u00f3n del servicio en todas las zonas que fueron afectadas por las \u00faltimas tormentas. Se concret\u00f3 un corte programado en la l\u00ednea de 33KV para realizar mantenimiento en cabina [&hellip;]<\/p>\n","protected":false},"author":4,"featured_media":14421,"comment_status":"open","ping_status":"closed","sticky":false,"template":"","format":"standard","meta":{"om_disable_all_campaigns":false,"_jetpack_memberships_contains_paid_content":false,"footnotes":""},"categories":[101,2],"tags":[],"class_list":["post-16738","post","type-post","status-publish","format-standard","has-post-thumbnail","hentry","category-interes-general-locales","category-locales"],"aioseo_notices":[],"gutentor_comment":0,"jetpack_featured_media_url":"https:\/\/eldiariodesanpedro.com.ar\/sitio\/wp-content\/uploads\/2017\/02\/coopser-e1486683594690.jpg","jetpack_shortlink":"https:\/\/wp.me\/p6RhLt-4lY","jetpack_sharing_enabled":true,"_links":{"self":[{"href":"https:\/\/eldiariodesanpedro.com.ar\/sitio\/wp-json\/wp\/v2\/posts\/16738","targetHints":{"allow":["GET"]}}],"collection":[{"href":"https:\/\/eldiariodesanpedro.com.ar\/sitio\/wp-json\/wp\/v2\/posts"}],"about":[{"href":"https:\/\/eldiariodesanpedro.com.ar\/sitio\/wp-json\/wp\/v2\/types\/post"}],"author":[{"embeddable":true,"href":"https:\/\/eldiariodesanpedro.com.ar\/sitio\/wp-json\/wp\/v2\/users\/4"}],"replies":[{"embeddable":true,"href":"https:\/\/eldiariodesanpedro.com.ar\/sitio\/wp-json\/wp\/v2\/comments?post=16738"}],"version-history":[{"count":1,"href":"https:\/\/eldiariodesanpedro.com.ar\/sitio\/wp-json\/wp\/v2\/posts\/16738\/revisions"}],"predecessor-version":[{"id":16740,"href":"https:\/\/eldiariodesanpedro.com.ar\/sitio\/wp-json\/wp\/v2\/posts\/16738\/revisions\/16740"}],"wp:featuredmedia":[{"embeddable":true,"href":"https:\/\/eldiariodesanpedro.com.ar\/sitio\/wp-json\/wp\/v2\/media\/14421"}],"wp:attachment":[{"href":"https:\/\/eldiariodesanpedro.com.ar\/sitio\/wp-json\/wp\/v2\/media?parent=16738"}],"wp:term":[{"taxonomy":"category","embeddable":true,"href":"https:\/\/eldiariodesanpedro.com.ar\/sitio\/wp-json\/wp\/v2\/categories?post=16738"},{"taxonomy":"post_tag","embeddable":true,"href":"https:\/\/eldiariodesanpedro.com.ar\/sitio\/wp-json\/wp\/v2\/tags?post=16738"}],"curies":[{"name":"wp","href":"https:\/\/api.w.org\/{rel}","templated":true}]}}